{"id":48906,"date":"2026-04-27T17:22:56","date_gmt":"2026-04-27T15:22:56","guid":{"rendered":"https:\/\/www.sohorse.eu\/?p=48906"},"modified":"2026-04-27T17:47:50","modified_gmt":"2026-04-27T15:47:50","slug":"belgique-attelage-kladruby-degrieck-domination","status":"publish","type":"post","link":"https:\/\/www.sohorse.eu\/en\/news\/2026\/04\/27\/belgique-attelage-kladruby-degrieck-domination\/","title":{"rendered":"Four-in-hand driving: Belgium in control at Kladruby"},"content":{"rendered":"<p><\/p>\n\n\n\n<p>Nations Cup victory and an individual win for Dries Degrieck: in Kladruby, Belgium delivered a masterclass from start to finish. Behind this perfect weekend stands a confident team and a clear-headed staff, led by Marc Wentein, steadily building toward the World Championships.<\/p>\n\n\n\n<p><\/p>\n\n\n\n<h2 class=\"wp-block-heading\"><strong>\u201cWe dominated from the start\u201d<\/strong><\/h2>\n\n\n\n<p><\/p>\n\n\n\n<p>Some weekends just click. This was one of them.<\/p>\n\n\n\n<p>\u00ab <em>Not only this weekend, but the one before as well<\/em> \u00bb, pose d\u2019entr\u00e9e&nbsp;Marc Wentein, le chef d&rsquo;\u00e9quipe de l&rsquo;attelage belge \u00e0 4 chevaux.<br>\u00ab <em>We were second in the World Cup in the Netherlands, and now we win the Nations Cup here, with an individual victory for Dries as well. So yes, it\u2019s a great success for the Belgian team. <\/em>\u00bb<\/p>\n\n\n\n<p>At Kladruby, in the stunning setting of the Czech National Stud, the script was crystal clear.<br>Dressage remport\u00e9 par&nbsp;Dries Degrieck, marathon g\u00e9r\u00e9 (2e), maniabilit\u00e9 solide (3e). \u00c0 l\u2019arriv\u00e9e, pr\u00e8s de huit points d\u2019avance.<\/p>\n\n\n\n<p>\u00ab <em>From the start, we dominated. Dries wins the dressage, stays consistent throughout, and takes the win with a comfortable margin. <\/em>\u00bb<\/p>\n\n\n\n<p><\/p>\n\n\n\n<h2 class=\"wp-block-heading\"><strong>A team that delivers<\/strong><\/h2>\n\n\n\n<p><\/p>\n\n\n\n<p>Behind the individual win stands a solid unit.<\/p>\n\n\n\n<p>With Glenn Geerts and Tom Stokmans, Belgium also secured the Nations Cup.<\/p>\n\n\n\n<p>\u00ab These are the same drivers who performed very well at last year\u2019s European Championship in L\u00e4hden. \u00bb Wentein recalls.<\/p>\n\n\n\n<p><\/p>\n\n\n\n<figure class=\"wp-block-image size-full\"><img decoding=\"async\" width=\"1213\" height=\"910\" data-src=\"https:\/\/www.sohorse.eu\/wp-content\/uploads\/2026\/04\/Sans-titre-5.jpg\" alt=\"Driving Belgian team\" class=\"wp-image-48911 lazyload\" data-srcset=\"https:\/\/www.sohorse.eu\/wp-content\/uploads\/2026\/04\/Sans-titre-5.jpg 1213w, https:\/\/www.sohorse.eu\/wp-content\/uploads\/2026\/04\/Sans-titre-5-1140x855.jpg 1140w, https:\/\/www.sohorse.eu\/wp-content\/uploads\/2026\/04\/Sans-titre-5-768x576.jpg 768w, https:\/\/www.sohorse.eu\/wp-content\/uploads\/2026\/04\/Sans-titre-5-16x12.jpg 16w\" data-sizes=\"(max-width: 1213px) 100vw, 1213px\" src=\"data:image\/svg+xml;base64,PHN2ZyB3aWR0aD0iMSIgaGVpZ2h0PSIxIiB4bWxucz0iaHR0cDovL3d3dy53My5vcmcvMjAwMC9zdmciPjwvc3ZnPg==\" style=\"--smush-placeholder-width: 1213px; --smush-placeholder-aspect-ratio: 1213\/910;\" \/><figcaption class=\"wp-element-caption\">(Marc Wentein surrounded by his three drivers at the 2025 European Championships)<\/figcaption><\/figure>\n\n\n\n<p><br>\u201cBut we haven\u2019t stood still. Dries is working with an entirely new group of horses. Glenn has two new ones, Tom has one as well. So clearly, we are testing things with the World Championships in mind.\u201d<\/p>\n\n\n\n<p>A winning team\u2026 that keeps evolving.<\/p>\n\n\n\n<p><\/p>\n\n\n\n<h2 class=\"wp-block-heading\"><strong>A momentum that keeps building<\/strong><\/h2>\n\n\n\n<p><\/p>\n\n\n\n<p>The Czech success is part of a much bigger picture.<\/p>\n\n\n\n<p>Take Dries Degrieck. Full of confidence, he comes off a World Cup-winning indoor season and keeps the momentum going outdoors.<\/p>\n\n\n\n<p><\/p>\n\n\n\n<figure class=\"wp-block-image size-full\"><img decoding=\"async\" width=\"2048\" height=\"1365\" data-src=\"https:\/\/www.sohorse.eu\/wp-content\/uploads\/2026\/04\/54769626189_b9d1ff6895_k.jpg\" alt=\"Dries Degrieck\" class=\"wp-image-48913 lazyload\" data-srcset=\"https:\/\/www.sohorse.eu\/wp-content\/uploads\/2026\/04\/54769626189_b9d1ff6895_k.jpg 2048w, https:\/\/www.sohorse.eu\/wp-content\/uploads\/2026\/04\/54769626189_b9d1ff6895_k-1140x760.jpg 1140w, https:\/\/www.sohorse.eu\/wp-content\/uploads\/2026\/04\/54769626189_b9d1ff6895_k-768x512.jpg 768w, https:\/\/www.sohorse.eu\/wp-content\/uploads\/2026\/04\/54769626189_b9d1ff6895_k-1536x1024.jpg 1536w, https:\/\/www.sohorse.eu\/wp-content\/uploads\/2026\/04\/54769626189_b9d1ff6895_k-18x12.jpg 18w, https:\/\/www.sohorse.eu\/wp-content\/uploads\/2026\/04\/54769626189_b9d1ff6895_k-1320x880.jpg 1320w\" data-sizes=\"(max-width: 2048px) 100vw, 2048px\" src=\"data:image\/svg+xml;base64,PHN2ZyB3aWR0aD0iMSIgaGVpZ2h0PSIxIiB4bWxucz0iaHR0cDovL3d3dy53My5vcmcvMjAwMC9zdmciPjwvc3ZnPg==\" style=\"--smush-placeholder-width: 2048px; --smush-placeholder-aspect-ratio: 2048\/1365;\" \/><figcaption class=\"wp-element-caption\">(\u00a9FEI\/Massimo Argenziano)<\/figcaption><\/figure>\n\n\n\n<p><\/p>\n\n\n\n<p>\u201cFrom my perspective, it started even before the final,\u201d explains Wentein.\n\u201cWe shouldn\u2019t forget Dries won Mechelen, Leipzig, then the World Cup Final in Bordeaux.\u201d<br>\u00ab After that, he won the first outdoor competition in Exloo, finished second in Kronenberg\u2026 and now this. It\u2019s an incredible run. \u00bb<\/p>\n\n\n\n<p>But beyond the results, it\u2019s the way he\u2019s doing it that stands out.<\/p>\n\n\n\n<p>\u00ab He now has almost ten horses available. Even here in Kladruby, he tried combinations that had never worked together before. And still, the result is there. \u00bb<\/p>\n\n\n\n<p><\/p>\n\n\n\n<figure class=\"wp-block-image size-full\"><img decoding=\"async\" width=\"1200\" height=\"1600\" data-src=\"https:\/\/www.sohorse.eu\/wp-content\/uploads\/2026\/04\/WhatsApp-Image-2026-04-27-at-07.25.46.jpeg\" alt=\"Dries Degrieck\" class=\"wp-image-48909 lazyload\" data-srcset=\"https:\/\/www.sohorse.eu\/wp-content\/uploads\/2026\/04\/WhatsApp-Image-2026-04-27-at-07.25.46.jpeg 1200w, https:\/\/www.sohorse.eu\/wp-content\/uploads\/2026\/04\/WhatsApp-Image-2026-04-27-at-07.25.46-855x1140.jpeg 855w, https:\/\/www.sohorse.eu\/wp-content\/uploads\/2026\/04\/WhatsApp-Image-2026-04-27-at-07.25.46-768x1024.jpeg 768w, https:\/\/www.sohorse.eu\/wp-content\/uploads\/2026\/04\/WhatsApp-Image-2026-04-27-at-07.25.46-1152x1536.jpeg 1152w, https:\/\/www.sohorse.eu\/wp-content\/uploads\/2026\/04\/WhatsApp-Image-2026-04-27-at-07.25.46-9x12.jpeg 9w\" data-sizes=\"(max-width: 1200px) 100vw, 1200px\" src=\"data:image\/svg+xml;base64,PHN2ZyB3aWR0aD0iMSIgaGVpZ2h0PSIxIiB4bWxucz0iaHR0cDovL3d3dy53My5vcmcvMjAwMC9zdmciPjwvc3ZnPg==\" style=\"--smush-placeholder-width: 1200px; --smush-placeholder-aspect-ratio: 1200\/1600;\" \/><\/figure>\n\n\n\n<p><\/p>\n\n\n\n<h2 class=\"wp-block-heading\"><strong>A full-scale test before the Worlds<\/strong><\/h2>\n\n\n\n<p>Kladruby wasn\u2019t just a target.<br>It was also a testing ground.<\/p>\n\n\n\n<p>\u00ab We are clearly in a preparation phase for the World Championship in Aachen this summer. \u00bb, confirms Wentein.<br>\u00ab We are testing, adjusting, building. \u00bb<\/p>\n\n\n\n<p>So far, all lights are green.<\/p>\n\n\n\n<p><\/p>\n\n\n\n<h2 class=\"wp-block-heading\"><strong>\u201cWe\u2019re heading in the right direction\u201d<\/strong><\/h2>\n\n\n\n<p>Now comes the challenge: turning momentum into medals.<\/p>\n\n\n\n<p>\u201cYou shouldn\u2019t count your chickens before they hatch,\u201d Wentein smiles.<br>\u201cBut we are heading in the right direction. Two podium finishes in the first two Nations Cups, a clear plan\u2026 everything is in place.\u201d<\/p>\n\n\n\n<p>Next stop: Windsor.<br>Familiar ground.<\/p>\n\n\n\n<p>\u00ab Last year, we won the Nations Cup there. So it\u2019s not by chance, this is something structured, planned, organized.  \u00bb<\/p>\n\n\n\n<p><\/p>\n\n\n\n<p><\/p>\n\n\n\n<h2 class=\"wp-block-heading\"><strong>Opponent identified\u2026 and already beaten<\/strong><\/h2>\n\n\n\n<p><\/p>\n\n\n\n<p>On the international stage, a few names still loom.<br>Dont&nbsp;Chester Weber.<\/p>\n\n\n\n<p><\/p>\n\n\n\n<figure class=\"wp-block-image size-full\"><img decoding=\"async\" width=\"2048\" height=\"1365\" data-src=\"https:\/\/www.sohorse.eu\/wp-content\/uploads\/2026\/04\/39785911413_61cf6e585b_k.jpg\" alt=\"Chester Weber\" class=\"wp-image-48914 lazyload\" data-srcset=\"https:\/\/www.sohorse.eu\/wp-content\/uploads\/2026\/04\/39785911413_61cf6e585b_k.jpg 2048w, https:\/\/www.sohorse.eu\/wp-content\/uploads\/2026\/04\/39785911413_61cf6e585b_k-1140x760.jpg 1140w, https:\/\/www.sohorse.eu\/wp-content\/uploads\/2026\/04\/39785911413_61cf6e585b_k-768x512.jpg 768w, https:\/\/www.sohorse.eu\/wp-content\/uploads\/2026\/04\/39785911413_61cf6e585b_k-1536x1024.jpg 1536w, https:\/\/www.sohorse.eu\/wp-content\/uploads\/2026\/04\/39785911413_61cf6e585b_k-18x12.jpg 18w, https:\/\/www.sohorse.eu\/wp-content\/uploads\/2026\/04\/39785911413_61cf6e585b_k-1320x880.jpg 1320w\" data-sizes=\"(max-width: 2048px) 100vw, 2048px\" src=\"data:image\/svg+xml;base64,PHN2ZyB3aWR0aD0iMSIgaGVpZ2h0PSIxIiB4bWxucz0iaHR0cDovL3d3dy53My5vcmcvMjAwMC9zdmciPjwvc3ZnPg==\" style=\"--smush-placeholder-width: 2048px; --smush-placeholder-aspect-ratio: 2048\/1365;\" \/><figcaption class=\"wp-element-caption\">(Chester Weber, WEG Tryon. \u00a9FEI\/Liz Gregg)<\/figcaption><\/figure>\n\n\n\n<p><\/p>\n\n\n\n<p>\u00ab He\u2019s a very strong driver, especially in dressage. \u00bb Wentein admits.<br>\u00ab But we\u2019ve already beaten him. So we know we can be ahead.  \u00bb<\/p>\n\n\n\n<p>Measured words. No arrogance, just confidence.<\/p>\n\n\n\n<p><\/p>\n\n\n\n<h2 class=\"wp-block-heading\"><strong>Moving forward, without getting carried away<\/strong><\/h2>\n\n\n\n<p><\/p>\n\n\n\n<p>Belgium wins. Belgium tests. Belgium builds.<\/p>\n\n\n\n<p>And above all, Belgium stays grounded.<\/p>\n\n\n\n<p>\u00ab There\u2019s always room for improvement. \u00bb Wentein concludes.<\/p>\n\n\n\n<p>At this pace, the real question might not be whether Belgium can reach the World Championship podium\u2026\nbut how high they can climb.<\/p>\n\n\n\n<figure class=\"wp-block-video\"><video controls src=\"https:\/\/www.sohorse.eu\/wp-content\/uploads\/2026\/04\/WhatsApp-Video-2026-04-27-at-07.25.59.mp4\"><\/video><\/figure>\n\n\n\n<p><\/p>\n\n\n\n<p>Find <a href=\"https:\/\/livejumping.com\/ap\/event\/16926\/competition\/234779\">the full Nations Cup results from Kladruby here<\/a><\/p>\n\n\n\n<p><a href=\"https:\/\/livejumping.com\/ap\/event\/16926\/competition\/234779\">Individual results here<\/a><\/p>\n\n\n\n<p>(Photos &amp; video \u00a9 <a href=\"https:\/\/www.hipporevue.be\">Hippo Revue<\/a>)<\/p>","protected":false},"excerpt":{"rendered":"<p>Victoire en Coupe des nations et succ\u00e8s individuel pour&nbsp;Dries Degrieck&nbsp;: \u00e0 Kladruby, la Belgique a ma\u00eetris\u00e9 son sujet de bout en bout. Derri\u00e8re ce week-end plein, un collectif en confiance et un staff lucide, incarn\u00e9 par&nbsp;Marc Wentein, qui voit son \u00e9quipe avancer avec m\u00e9thode vers les Mondiaux. \u201cD\u00e8s le d\u00e9but, on a domin\u00e9\u201d Il y [&hellip;]<\/p>\n","protected":false},"author":2,"featured_media":48907,"comment_status":"closed","ping_status":"closed","sticky":false,"template":"","format":"standard","meta":{"_acf_changed":false,"footnotes":""},"categories":[1],"tags":[],"class_list":["post-48906","post","type-post","status-publish","format-standard","has-post-thumbnail","hentry","category-news"],"acf":[],"yoast_head":"<!-- This site is optimized with the Yoast SEO plugin v27.4 - https:\/\/yoast.com\/product\/yoast-seo-wordpress\/ -->\n<title>Attelage \u00e0 quatre, la Belgique d\u00e9roule \u00e0 Kladruby &#8212; So Horse<\/title>\n<meta name=\"description\" content=\"La Belgique domine Kladruby avec une victoire en Coupe des nations et un succ\u00e8s individuel de Degrieck. Une mont\u00e9e en puissance avant Aix.\" \/>\n<meta name=\"robots\" content=\"index, follow, max-snippet:-1, max-image-preview:large, max-video-preview:-1\" \/>\n<link rel=\"canonical\" href=\"https:\/\/www.sohorse.eu\/en\/news\/2026\/04\/27\/belgique-attelage-kladruby-degrieck-domination\/\" \/>\n<meta property=\"og:locale\" content=\"en_GB\" \/>\n<meta property=\"og:type\" content=\"article\" \/>\n<meta property=\"og:title\" content=\"Attelage \u00e0 quatre, la Belgique d\u00e9roule \u00e0 Kladruby &#8212; So Horse\" \/>\n<meta property=\"og:description\" content=\"La Belgique domine Kladruby avec une victoire en Coupe des nations et un succ\u00e8s individuel de Degrieck. Une mont\u00e9e en puissance avant Aix.\" \/>\n<meta property=\"og:url\" content=\"https:\/\/www.sohorse.eu\/en\/news\/2026\/04\/27\/belgique-attelage-kladruby-degrieck-domination\/\" \/>\n<meta property=\"og:site_name\" content=\"So Horse\" \/>\n<meta property=\"article:publisher\" content=\"https:\/\/www.facebook.com\/sohorse.official\" \/>\n<meta property=\"article:published_time\" content=\"2026-04-27T15:22:56+00:00\" \/>\n<meta property=\"article:modified_time\" content=\"2026-04-27T15:47:50+00:00\" \/>\n<meta property=\"og:image\" content=\"https:\/\/www.sohorse.eu\/wp-content\/uploads\/2026\/04\/cover-So-Horse-30.jpg\" \/>\n\t<meta property=\"og:image:width\" content=\"1000\" \/>\n\t<meta property=\"og:image:height\" content=\"573\" \/>\n\t<meta property=\"og:image:type\" content=\"image\/jpeg\" \/>\n<meta name=\"author\" content=\"S\u00e9bastien Boulanger\" \/>\n<meta name=\"twitter:card\" content=\"summary_large_image\" \/>\n<meta name=\"twitter:label1\" content=\"Written by\" \/>\n\t<meta name=\"twitter:data1\" content=\"S\u00e9bastien Boulanger\" \/>\n\t<meta name=\"twitter:label2\" content=\"Estimated reading time\" \/>\n\t<meta name=\"twitter:data2\" content=\"5 minutes\" \/>\n<script type=\"application\/ld+json\" class=\"yoast-schema-graph\">{\"@context\":\"https:\\\/\\\/schema.org\",\"@graph\":[{\"@type\":\"Article\",\"@id\":\"https:\\\/\\\/www.sohorse.eu\\\/news\\\/2026\\\/04\\\/27\\\/belgique-attelage-kladruby-degrieck-domination\\\/#article\",\"isPartOf\":{\"@id\":\"https:\\\/\\\/www.sohorse.eu\\\/news\\\/2026\\\/04\\\/27\\\/belgique-attelage-kladruby-degrieck-domination\\\/\"},\"author\":{\"name\":\"S\u00e9bastien Boulanger\",\"@id\":\"https:\\\/\\\/www.sohorse.eu\\\/#\\\/schema\\\/person\\\/8ec889a1dca0caa9c3fc409225ae3ca4\"},\"headline\":\"Attelage \u00e0 quatre, la Belgique d\u00e9roule \u00e0 Kladruby\",\"datePublished\":\"2026-04-27T15:22:56+00:00\",\"dateModified\":\"2026-04-27T15:47:50+00:00\",\"mainEntityOfPage\":{\"@id\":\"https:\\\/\\\/www.sohorse.eu\\\/news\\\/2026\\\/04\\\/27\\\/belgique-attelage-kladruby-degrieck-domination\\\/\"},\"wordCount\":783,\"publisher\":{\"@id\":\"https:\\\/\\\/www.sohorse.eu\\\/#organization\"},\"image\":{\"@id\":\"https:\\\/\\\/www.sohorse.eu\\\/news\\\/2026\\\/04\\\/27\\\/belgique-attelage-kladruby-degrieck-domination\\\/#primaryimage\"},\"thumbnailUrl\":\"https:\\\/\\\/www.sohorse.eu\\\/wp-content\\\/uploads\\\/2026\\\/04\\\/cover-So-Horse-30.jpg\",\"articleSection\":[\"News\"],\"inLanguage\":\"en-GB\"},{\"@type\":\"WebPage\",\"@id\":\"https:\\\/\\\/www.sohorse.eu\\\/news\\\/2026\\\/04\\\/27\\\/belgique-attelage-kladruby-degrieck-domination\\\/\",\"url\":\"https:\\\/\\\/www.sohorse.eu\\\/news\\\/2026\\\/04\\\/27\\\/belgique-attelage-kladruby-degrieck-domination\\\/\",\"name\":\"Attelage \u00e0 quatre, la Belgique d\u00e9roule \u00e0 Kladruby &#8212; So Horse\",\"isPartOf\":{\"@id\":\"https:\\\/\\\/www.sohorse.eu\\\/#website\"},\"primaryImageOfPage\":{\"@id\":\"https:\\\/\\\/www.sohorse.eu\\\/news\\\/2026\\\/04\\\/27\\\/belgique-attelage-kladruby-degrieck-domination\\\/#primaryimage\"},\"image\":{\"@id\":\"https:\\\/\\\/www.sohorse.eu\\\/news\\\/2026\\\/04\\\/27\\\/belgique-attelage-kladruby-degrieck-domination\\\/#primaryimage\"},\"thumbnailUrl\":\"https:\\\/\\\/www.sohorse.eu\\\/wp-content\\\/uploads\\\/2026\\\/04\\\/cover-So-Horse-30.jpg\",\"datePublished\":\"2026-04-27T15:22:56+00:00\",\"dateModified\":\"2026-04-27T15:47:50+00:00\",\"description\":\"La Belgique domine Kladruby avec une victoire en Coupe des nations et un succ\u00e8s individuel de Degrieck. Une mont\u00e9e en puissance avant Aix.\",\"breadcrumb\":{\"@id\":\"https:\\\/\\\/www.sohorse.eu\\\/news\\\/2026\\\/04\\\/27\\\/belgique-attelage-kladruby-degrieck-domination\\\/#breadcrumb\"},\"inLanguage\":\"en-GB\",\"potentialAction\":[{\"@type\":\"ReadAction\",\"target\":[\"https:\\\/\\\/www.sohorse.eu\\\/news\\\/2026\\\/04\\\/27\\\/belgique-attelage-kladruby-degrieck-domination\\\/\"]}]},{\"@type\":\"ImageObject\",\"inLanguage\":\"en-GB\",\"@id\":\"https:\\\/\\\/www.sohorse.eu\\\/news\\\/2026\\\/04\\\/27\\\/belgique-attelage-kladruby-degrieck-domination\\\/#primaryimage\",\"url\":\"https:\\\/\\\/www.sohorse.eu\\\/wp-content\\\/uploads\\\/2026\\\/04\\\/cover-So-Horse-30.jpg\",\"contentUrl\":\"https:\\\/\\\/www.sohorse.eu\\\/wp-content\\\/uploads\\\/2026\\\/04\\\/cover-So-Horse-30.jpg\",\"width\":1000,\"height\":573,\"caption\":\"Attelage Belgique\"},{\"@type\":\"BreadcrumbList\",\"@id\":\"https:\\\/\\\/www.sohorse.eu\\\/news\\\/2026\\\/04\\\/27\\\/belgique-attelage-kladruby-degrieck-domination\\\/#breadcrumb\",\"itemListElement\":[{\"@type\":\"ListItem\",\"position\":1,\"name\":\"So Horse\",\"item\":\"https:\\\/\\\/www.sohorse.eu\\\/\"},{\"@type\":\"ListItem\",\"position\":2,\"name\":\"News\",\"item\":\"https:\\\/\\\/www.sohorse.eu\\\/categorie\\\/news\\\/\"},{\"@type\":\"ListItem\",\"position\":3,\"name\":\"Attelage \u00e0 quatre, la Belgique d\u00e9roule \u00e0 Kladruby\"}]},{\"@type\":\"WebSite\",\"@id\":\"https:\\\/\\\/www.sohorse.eu\\\/#website\",\"url\":\"https:\\\/\\\/www.sohorse.eu\\\/\",\"name\":\"So Horse\",\"description\":\"L\u2019actu sur les chevaux autrement. Les sports \u00e9questres, l\u2019\u00e9levage et les ventes aux ench\u00e8res\",\"publisher\":{\"@id\":\"https:\\\/\\\/www.sohorse.eu\\\/#organization\"},\"potentialAction\":[{\"@type\":\"SearchAction\",\"target\":{\"@type\":\"EntryPoint\",\"urlTemplate\":\"https:\\\/\\\/www.sohorse.eu\\\/?s={search_term_string}\"},\"query-input\":{\"@type\":\"PropertyValueSpecification\",\"valueRequired\":true,\"valueName\":\"search_term_string\"}}],\"inLanguage\":\"en-GB\"},{\"@type\":\"Organization\",\"@id\":\"https:\\\/\\\/www.sohorse.eu\\\/#organization\",\"name\":\"So Horse\",\"url\":\"https:\\\/\\\/www.sohorse.eu\\\/\",\"logo\":{\"@type\":\"ImageObject\",\"inLanguage\":\"en-GB\",\"@id\":\"https:\\\/\\\/www.sohorse.eu\\\/#\\\/schema\\\/logo\\\/image\\\/\",\"url\":\"https:\\\/\\\/www.sohorse.eu\\\/wp-content\\\/uploads\\\/2024\\\/03\\\/logog.png\",\"contentUrl\":\"https:\\\/\\\/www.sohorse.eu\\\/wp-content\\\/uploads\\\/2024\\\/03\\\/logog.png\",\"width\":296,\"height\":146,\"caption\":\"So Horse\"},\"image\":{\"@id\":\"https:\\\/\\\/www.sohorse.eu\\\/#\\\/schema\\\/logo\\\/image\\\/\"},\"sameAs\":[\"https:\\\/\\\/www.facebook.com\\\/sohorse.official\"]},{\"@type\":\"Person\",\"@id\":\"https:\\\/\\\/www.sohorse.eu\\\/#\\\/schema\\\/person\\\/8ec889a1dca0caa9c3fc409225ae3ca4\",\"name\":\"S\u00e9bastien Boulanger\",\"image\":{\"@type\":\"ImageObject\",\"inLanguage\":\"en-GB\",\"@id\":\"https:\\\/\\\/secure.gravatar.com\\\/avatar\\\/958b7300960313a7bf10ee053221a7a94b9056219a3a03458f5a0db80e1e25e3?s=96&d=mm&r=g\",\"url\":\"https:\\\/\\\/secure.gravatar.com\\\/avatar\\\/958b7300960313a7bf10ee053221a7a94b9056219a3a03458f5a0db80e1e25e3?s=96&d=mm&r=g\",\"contentUrl\":\"https:\\\/\\\/secure.gravatar.com\\\/avatar\\\/958b7300960313a7bf10ee053221a7a94b9056219a3a03458f5a0db80e1e25e3?s=96&d=mm&r=g\",\"caption\":\"S\u00e9bastien Boulanger\"},\"url\":\"https:\\\/\\\/www.sohorse.eu\\\/en\\\/author\\\/seb\\\/\"}]}<\/script>\n<!-- \/ Yoast SEO plugin. -->","yoast_head_json":{"title":"Attelage \u00e0 quatre, la Belgique d\u00e9roule \u00e0 Kladruby &#8212; So Horse","description":"La Belgique domine Kladruby avec une victoire en Coupe des nations et un succ\u00e8s individuel de Degrieck. Une mont\u00e9e en puissance avant Aix.","robots":{"index":"index","follow":"follow","max-snippet":"max-snippet:-1","max-image-preview":"max-image-preview:large","max-video-preview":"max-video-preview:-1"},"canonical":"https:\/\/www.sohorse.eu\/en\/news\/2026\/04\/27\/belgique-attelage-kladruby-degrieck-domination\/","og_locale":"en_GB","og_type":"article","og_title":"Attelage \u00e0 quatre, la Belgique d\u00e9roule \u00e0 Kladruby &#8212; So Horse","og_description":"La Belgique domine Kladruby avec une victoire en Coupe des nations et un succ\u00e8s individuel de Degrieck. Une mont\u00e9e en puissance avant Aix.","og_url":"https:\/\/www.sohorse.eu\/en\/news\/2026\/04\/27\/belgique-attelage-kladruby-degrieck-domination\/","og_site_name":"So Horse","article_publisher":"https:\/\/www.facebook.com\/sohorse.official","article_published_time":"2026-04-27T15:22:56+00:00","article_modified_time":"2026-04-27T15:47:50+00:00","og_image":[{"width":1000,"height":573,"url":"https:\/\/www.sohorse.eu\/wp-content\/uploads\/2026\/04\/cover-So-Horse-30.jpg","type":"image\/jpeg"}],"author":"S\u00e9bastien Boulanger","twitter_card":"summary_large_image","twitter_misc":{"Written by":"S\u00e9bastien Boulanger","Estimated reading time":"5 minutes"},"schema":{"@context":"https:\/\/schema.org","@graph":[{"@type":"Article","@id":"https:\/\/www.sohorse.eu\/news\/2026\/04\/27\/belgique-attelage-kladruby-degrieck-domination\/#article","isPartOf":{"@id":"https:\/\/www.sohorse.eu\/news\/2026\/04\/27\/belgique-attelage-kladruby-degrieck-domination\/"},"author":{"name":"S\u00e9bastien Boulanger","@id":"https:\/\/www.sohorse.eu\/#\/schema\/person\/8ec889a1dca0caa9c3fc409225ae3ca4"},"headline":"Attelage \u00e0 quatre, la Belgique d\u00e9roule \u00e0 Kladruby","datePublished":"2026-04-27T15:22:56+00:00","dateModified":"2026-04-27T15:47:50+00:00","mainEntityOfPage":{"@id":"https:\/\/www.sohorse.eu\/news\/2026\/04\/27\/belgique-attelage-kladruby-degrieck-domination\/"},"wordCount":783,"publisher":{"@id":"https:\/\/www.sohorse.eu\/#organization"},"image":{"@id":"https:\/\/www.sohorse.eu\/news\/2026\/04\/27\/belgique-attelage-kladruby-degrieck-domination\/#primaryimage"},"thumbnailUrl":"https:\/\/www.sohorse.eu\/wp-content\/uploads\/2026\/04\/cover-So-Horse-30.jpg","articleSection":["News"],"inLanguage":"en-GB"},{"@type":"WebPage","@id":"https:\/\/www.sohorse.eu\/news\/2026\/04\/27\/belgique-attelage-kladruby-degrieck-domination\/","url":"https:\/\/www.sohorse.eu\/news\/2026\/04\/27\/belgique-attelage-kladruby-degrieck-domination\/","name":"Attelage \u00e0 quatre, la Belgique d\u00e9roule \u00e0 Kladruby &#8212; So Horse","isPartOf":{"@id":"https:\/\/www.sohorse.eu\/#website"},"primaryImageOfPage":{"@id":"https:\/\/www.sohorse.eu\/news\/2026\/04\/27\/belgique-attelage-kladruby-degrieck-domination\/#primaryimage"},"image":{"@id":"https:\/\/www.sohorse.eu\/news\/2026\/04\/27\/belgique-attelage-kladruby-degrieck-domination\/#primaryimage"},"thumbnailUrl":"https:\/\/www.sohorse.eu\/wp-content\/uploads\/2026\/04\/cover-So-Horse-30.jpg","datePublished":"2026-04-27T15:22:56+00:00","dateModified":"2026-04-27T15:47:50+00:00","description":"La Belgique domine Kladruby avec une victoire en Coupe des nations et un succ\u00e8s individuel de Degrieck. Une mont\u00e9e en puissance avant Aix.","breadcrumb":{"@id":"https:\/\/www.sohorse.eu\/news\/2026\/04\/27\/belgique-attelage-kladruby-degrieck-domination\/#breadcrumb"},"inLanguage":"en-GB","potentialAction":[{"@type":"ReadAction","target":["https:\/\/www.sohorse.eu\/news\/2026\/04\/27\/belgique-attelage-kladruby-degrieck-domination\/"]}]},{"@type":"ImageObject","inLanguage":"en-GB","@id":"https:\/\/www.sohorse.eu\/news\/2026\/04\/27\/belgique-attelage-kladruby-degrieck-domination\/#primaryimage","url":"https:\/\/www.sohorse.eu\/wp-content\/uploads\/2026\/04\/cover-So-Horse-30.jpg","contentUrl":"https:\/\/www.sohorse.eu\/wp-content\/uploads\/2026\/04\/cover-So-Horse-30.jpg","width":1000,"height":573,"caption":"Attelage Belgique"},{"@type":"BreadcrumbList","@id":"https:\/\/www.sohorse.eu\/news\/2026\/04\/27\/belgique-attelage-kladruby-degrieck-domination\/#breadcrumb","itemListElement":[{"@type":"ListItem","position":1,"name":"So Horse","item":"https:\/\/www.sohorse.eu\/"},{"@type":"ListItem","position":2,"name":"News","item":"https:\/\/www.sohorse.eu\/categorie\/news\/"},{"@type":"ListItem","position":3,"name":"Attelage \u00e0 quatre, la Belgique d\u00e9roule \u00e0 Kladruby"}]},{"@type":"WebSite","@id":"https:\/\/www.sohorse.eu\/#website","url":"https:\/\/www.sohorse.eu\/","name":"So Horse","description":"L\u2019actu sur les chevaux autrement. Les sports \u00e9questres, l\u2019\u00e9levage et les ventes aux ench\u00e8res","publisher":{"@id":"https:\/\/www.sohorse.eu\/#organization"},"potentialAction":[{"@type":"SearchAction","target":{"@type":"EntryPoint","urlTemplate":"https:\/\/www.sohorse.eu\/?s={search_term_string}"},"query-input":{"@type":"PropertyValueSpecification","valueRequired":true,"valueName":"search_term_string"}}],"inLanguage":"en-GB"},{"@type":"Organization","@id":"https:\/\/www.sohorse.eu\/#organization","name":"So Horse","url":"https:\/\/www.sohorse.eu\/","logo":{"@type":"ImageObject","inLanguage":"en-GB","@id":"https:\/\/www.sohorse.eu\/#\/schema\/logo\/image\/","url":"https:\/\/www.sohorse.eu\/wp-content\/uploads\/2024\/03\/logog.png","contentUrl":"https:\/\/www.sohorse.eu\/wp-content\/uploads\/2024\/03\/logog.png","width":296,"height":146,"caption":"So Horse"},"image":{"@id":"https:\/\/www.sohorse.eu\/#\/schema\/logo\/image\/"},"sameAs":["https:\/\/www.facebook.com\/sohorse.official"]},{"@type":"Person","@id":"https:\/\/www.sohorse.eu\/#\/schema\/person\/8ec889a1dca0caa9c3fc409225ae3ca4","name":"S\u00e9bastien Boulanger","image":{"@type":"ImageObject","inLanguage":"en-GB","@id":"https:\/\/secure.gravatar.com\/avatar\/958b7300960313a7bf10ee053221a7a94b9056219a3a03458f5a0db80e1e25e3?s=96&d=mm&r=g","url":"https:\/\/secure.gravatar.com\/avatar\/958b7300960313a7bf10ee053221a7a94b9056219a3a03458f5a0db80e1e25e3?s=96&d=mm&r=g","contentUrl":"https:\/\/secure.gravatar.com\/avatar\/958b7300960313a7bf10ee053221a7a94b9056219a3a03458f5a0db80e1e25e3?s=96&d=mm&r=g","caption":"S\u00e9bastien Boulanger"},"url":"https:\/\/www.sohorse.eu\/en\/author\/seb\/"}]}},"_links":{"self":[{"href":"https:\/\/www.sohorse.eu\/en\/wp-json\/wp\/v2\/posts\/48906","targetHints":{"allow":["GET"]}}],"collection":[{"href":"https:\/\/www.sohorse.eu\/en\/wp-json\/wp\/v2\/posts"}],"about":[{"href":"https:\/\/www.sohorse.eu\/en\/wp-json\/wp\/v2\/types\/post"}],"author":[{"embeddable":true,"href":"https:\/\/www.sohorse.eu\/en\/wp-json\/wp\/v2\/users\/2"}],"replies":[{"embeddable":true,"href":"https:\/\/www.sohorse.eu\/en\/wp-json\/wp\/v2\/comments?post=48906"}],"version-history":[{"count":3,"href":"https:\/\/www.sohorse.eu\/en\/wp-json\/wp\/v2\/posts\/48906\/revisions"}],"predecessor-version":[{"id":48918,"href":"https:\/\/www.sohorse.eu\/en\/wp-json\/wp\/v2\/posts\/48906\/revisions\/48918"}],"wp:featuredmedia":[{"embeddable":true,"href":"https:\/\/www.sohorse.eu\/en\/wp-json\/wp\/v2\/media\/48907"}],"wp:attachment":[{"href":"https:\/\/www.sohorse.eu\/en\/wp-json\/wp\/v2\/media?parent=48906"}],"wp:term":[{"taxonomy":"category","embeddable":true,"href":"https:\/\/www.sohorse.eu\/en\/wp-json\/wp\/v2\/categories?post=48906"},{"taxonomy":"post_tag","embeddable":true,"href":"https:\/\/www.sohorse.eu\/en\/wp-json\/wp\/v2\/tags?post=48906"}],"curies":[{"name":"wp","href":"https:\/\/api.w.org\/{rel}","templated":true}]}}