{"id":51781,"date":"2026-09-01T09:12:57","date_gmt":"2026-09-01T07:12:57","guid":{"rendered":"https:\/\/www.sohorse.eu\/?p=51781"},"modified":"2026-09-01T09:13:01","modified_gmt":"2026-09-01T07:13:01","slug":"steve-guerdat-champion-du-monde-et-maintenant","status":"publish","type":"post","link":"https:\/\/www.sohorse.eu\/en\/portraits-interviews\/2026\/09\/01\/steve-guerdat-champion-du-monde-et-maintenant\/","title":{"rendered":"Steve Guerdat a tout gagn\u00e9. Et maintenant ?"},"content":{"rendered":"<p class=\"wp-block-paragraph\">\u00c0 44 ans, Steve Guerdat a d\u00e9sormais tout gagn\u00e9. Huit jours apr\u00e8s son titre mondial \u00e0 Aix-la-Chapelle, le Suisse savoure, r\u00e9cup\u00e8re et d\u00e9couvre surtout une situation nouvelle : pour la premi\u00e8re fois, aucune m\u00e9daille manquante ne lui indique la prochaine destination. Motivation, peur de mal faire, rapport aux chevaux et vertige de l\u2019apr\u00e8s : \u00e0 l&rsquo;occasion des Brussels Stephex Masters le champion s&rsquo;est livr\u00e9 \u00e0 nous sans chercher \u00e0 pr\u00e9tendre qu\u2019il conna\u00eet d\u00e9j\u00e0 la suite.<\/p>\n\n\n\n<p class=\"wp-block-paragraph\"><\/p>\n\n\n\n<h2 class=\"wp-block-heading\">Champion du monde le dimanche, papa le lundi<\/h2>\n\n\n\n<p class=\"wp-block-paragraph\"><\/p>\n\n\n\n<p class=\"wp-block-paragraph\">On lui demande ce qu\u2019il a pens\u00e9 en se r\u00e9veillant le lundi matin au lendemain de son titre. Mauvaise pioche : Steve Guerdat ne s\u2019est pas r\u00e9veill\u00e9. Pour la simple raison qu\u2019il ne s\u2019\u00e9tait pas couch\u00e9.<\/p>\n\n\n\n<p class=\"wp-block-paragraph\">Apr\u00e8s le titre, quelques verres et une soir\u00e9e bien m\u00e9rit\u00e9e \u00e0 Aix, son propri\u00e9taire le ram\u00e8ne en voiture. Le nouveau champion du monde chante sur le chemin du retour et arrive chez lui peu avant sept heures du matin.<\/p>\n\n\n\n<p class=\"wp-block-paragraph\">\u00c0 7h30, sa fille doit partir \u00e0 l\u2019\u00e9cole.<\/p>\n\n\n\n<p class=\"wp-block-paragraph\">\u00ab <em>Donc je ne suis pas all\u00e9 me coucher. Je l\u2019ai amen\u00e9e \u00e0 l\u2019\u00e9cole et puis, apr\u00e8s, la journ\u00e9e a commenc\u00e9.<\/em> \u00bb<\/p>\n\n\n\n<p class=\"wp-block-paragraph\">Champion du monde le dimanche, chauffeur scolaire le lundi. Il y a pire comme mani\u00e8re de garder les pieds sur terre.<\/p>\n\n\n\n<p class=\"wp-block-paragraph\">Sauf que Guerdat, lui, n\u2019en est pas encore tout \u00e0 fait redescendu.<\/p>\n\n\n\n<p class=\"wp-block-paragraph\">\u00ab<em> Je n&rsquo;ai pas compl\u00e8tement r\u00e9alis\u00e9 parce que les choses se sont encha\u00een\u00e9es assez vite<\/em> \u00bb, reconna\u00eet-il quelques jours plus tard. L\u2019euphorie est l\u00e0, \u00e9videmment. Mais elle cohabite avec la fatigue, les sollicitations et cette \u00e9trange d\u00e9compression qui suit les tr\u00e8s grands rendez-vous.<\/p>\n\n\n\n<p class=\"wp-block-paragraph\"><\/p>\n\n\n\n<figure class=\"wp-block-image size-large\"><img decoding=\"async\" width=\"2280\" height=\"1520\" data-src=\"https:\/\/www.sohorse.eu\/wp-content\/uploads\/2026\/09\/steve-aaachen-2-2280x1520.png\" alt=\"\" class=\"wp-image-51906 lazyload\" data-srcset=\"https:\/\/www.sohorse.eu\/wp-content\/uploads\/2026\/09\/steve-aaachen-2-2280x1520.png 2280w, https:\/\/www.sohorse.eu\/wp-content\/uploads\/2026\/09\/steve-aaachen-2-1140x760.png 1140w, https:\/\/www.sohorse.eu\/wp-content\/uploads\/2026\/09\/steve-aaachen-2-768x512.png 768w, https:\/\/www.sohorse.eu\/wp-content\/uploads\/2026\/09\/steve-aaachen-2-1536x1024.png 1536w, https:\/\/www.sohorse.eu\/wp-content\/uploads\/2026\/09\/steve-aaachen-2-2048x1365.png 2048w, https:\/\/www.sohorse.eu\/wp-content\/uploads\/2026\/09\/steve-aaachen-2-18x12.png 18w, https:\/\/www.sohorse.eu\/wp-content\/uploads\/2026\/09\/steve-aaachen-2-1320x880.png 1320w\" data-sizes=\"(max-width: 2280px) 100vw, 2280px\" src=\"data:image\/svg+xml;base64,PHN2ZyB3aWR0aD0iMSIgaGVpZ2h0PSIxIiB4bWxucz0iaHR0cDovL3d3dy53My5vcmcvMjAwMC9zdmciPjwvc3ZnPg==\" style=\"--smush-placeholder-width: 2280px; --smush-placeholder-aspect-ratio: 2280\/1520;\" \/><\/figure>\n\n\n\n<p class=\"wp-block-paragraph\"><\/p>\n\n\n\n<p class=\"wp-block-paragraph\">Il sait que la f\u00eate viendra. La vraie. avec ses proches vendredi. Puis celle \u00e0 Avenches . Ensuite, il aura enfin le temps de comprendre ce qu\u2019il vient de faire.<\/p>\n\n\n\n<p class=\"wp-block-paragraph\">Et ce qu\u2019il vient de faire n\u2019est pas tout \u00e0 fait anodin.<\/p>\n\n\n\n<p class=\"wp-block-paragraph\"><\/p>\n\n\n\n<h2 class=\"wp-block-heading\">Cette fois, il ne manque plus rien<\/h2>\n\n\n\n<p class=\"wp-block-paragraph\"><\/p>\n\n\n\n<p class=\"wp-block-paragraph\">Steve Guerdat a beaucoup gagn\u00e9. \u00c9norm\u00e9ment, m\u00eame. Mais ce titre mondial manquait encore.<\/p>\n\n\n\n<p class=\"wp-block-paragraph\">Il ne manque plus.<\/p>\n\n\n\n<p class=\"wp-block-paragraph\">Et il a \u00e9t\u00e9 remport\u00e9 \u00e0 Aix-la-Chapelle, dans ce stade qui le fait r\u00eaver \u00ab Tous les jours. Depuis qu\u2019il est gamin \u00bb, en partant en dernier, avec une Dynamix exceptionnelle.<\/p>\n\n\n\n<p class=\"wp-block-paragraph\">Surtout, Guerdat a gagn\u00e9 comme Guerdat aime gagner.<\/p>\n\n\n\n<p class=\"wp-block-paragraph\">La nuance est importante.<\/p>\n\n\n\n<p class=\"wp-block-paragraph\">Le Suisse est suffisamment perfectionniste pour avoir parfois laiss\u00e9 la mani\u00e8re g\u00e2cher un peu le r\u00e9sultat. Il cite lui-m\u00eame sa premi\u00e8re victoire en finale de Coupe du monde \u00e0 Las Vegas. Il avait gagn\u00e9, certes, mais son dernier parcours ne lui avait pas plu. Alors il avait eu du mal \u00e0 savourer compl\u00e8tement.<\/p>\n\n\n\n<p class=\"wp-block-paragraph\">\u00c0 Aix, rien de tout cela.<\/p>\n\n\n\n<p class=\"wp-block-paragraph\">Almost.<\/p>\n\n\n\n<p class=\"wp-block-paragraph\">En cherchant vraiment, il trouve bien dix centim\u00e8tres qu\u2019il aurait aim\u00e9 avoir en plus \u00e0 l\u2019entr\u00e9e du triple le vendredi soir, histoire d\u2019\u00e9viter un effort inutile \u00e0 Dynamix. Steve Guerdat reste Steve Guerdat.<\/p>\n\n\n\n<p class=\"wp-block-paragraph\"><\/p>\n\n\n\n<figure class=\"wp-block-image size-large\"><img decoding=\"async\" width=\"2280\" height=\"1520\" data-src=\"https:\/\/www.sohorse.eu\/wp-content\/uploads\/2026\/09\/steve-aaachen-2280x1520.png\" alt=\"\" class=\"wp-image-51909 lazyload\" data-srcset=\"https:\/\/www.sohorse.eu\/wp-content\/uploads\/2026\/09\/steve-aaachen-2280x1520.png 2280w, https:\/\/www.sohorse.eu\/wp-content\/uploads\/2026\/09\/steve-aaachen-1140x760.png 1140w, https:\/\/www.sohorse.eu\/wp-content\/uploads\/2026\/09\/steve-aaachen-768x512.png 768w, https:\/\/www.sohorse.eu\/wp-content\/uploads\/2026\/09\/steve-aaachen-1536x1024.png 1536w, https:\/\/www.sohorse.eu\/wp-content\/uploads\/2026\/09\/steve-aaachen-2048x1365.png 2048w, https:\/\/www.sohorse.eu\/wp-content\/uploads\/2026\/09\/steve-aaachen-18x12.png 18w, https:\/\/www.sohorse.eu\/wp-content\/uploads\/2026\/09\/steve-aaachen-1320x880.png 1320w\" data-sizes=\"(max-width: 2280px) 100vw, 2280px\" src=\"data:image\/svg+xml;base64,PHN2ZyB3aWR0aD0iMSIgaGVpZ2h0PSIxIiB4bWxucz0iaHR0cDovL3d3dy53My5vcmcvMjAwMC9zdmciPjwvc3ZnPg==\" style=\"--smush-placeholder-width: 2280px; --smush-placeholder-aspect-ratio: 2280\/1520;\" \/><\/figure>\n\n\n\n<p class=\"wp-block-paragraph\"><\/p>\n\n\n\n<p class=\"wp-block-paragraph\"><\/p>\n\n\n\n<p class=\"wp-block-paragraph\">Pour le reste ?<\/p>\n\n\n\n<p class=\"wp-block-paragraph\">\u00ab <em>C\u2019est \u00e7a qui me satisfait tellement dans cette victoire, qui me rend fier : tout a \u00e9t\u00e9 r\u00e9uni. La mani\u00e8re aussi. <\/em>\u00bb<\/p>\n\n\n\n<p class=\"wp-block-paragraph\">Il parle de Dynamix, de sa classe, de la qualit\u00e9 de ses sauts. Il parle de leur championnat comme d\u2019un \u00ab aboutissement \u00bb. Et puis il y a le lieu, l\u2019ambiance, cette position de dernier \u00e0 partir et cette ultime m\u00e9daille \u00e0 aller chercher.<\/p>\n\n\n\n<p class=\"wp-block-paragraph\">\u00ab <em>Il n\u2019y a pas que le r\u00e9sultat, il y a la mani\u00e8re dont \u00e7a a \u00e9t\u00e9 fait aussi.<\/em> \u00bb<\/p>\n\n\n\n<p class=\"wp-block-paragraph\">Avant de l\u00e2cher une phrase qui, venant d\u2019un homme avec son palmar\u00e8s, p\u00e8se assez lourd :<\/p>\n\n\n\n<p class=\"wp-block-paragraph\">\u00ab <em>Cette victoire est pour moi plus sp\u00e9ciale que toutes les autres.<\/em> \u00bb<\/p>\n\n\n\n<p class=\"wp-block-paragraph\">Voil\u00e0 pour le bonheur.<\/p>\n\n\n\n<p class=\"wp-block-paragraph\">Reste maintenant le probl\u00e8me d\u00e9licieux des gens qui ont atteint le sommet :&nbsp;o\u00f9 va-t-on quand il n\u2019y a plus de marche au-dessus ?<\/p>\n\n\n\n<p class=\"wp-block-paragraph\"><\/p>\n\n\n\n<h2 class=\"wp-block-heading\">\u00ab Et quoi maintenant ? \u00bb<\/h2>\n\n\n\n<p class=\"wp-block-paragraph\"><\/p>\n\n\n\n<p class=\"wp-block-paragraph\">La question pourrait inqui\u00e9ter. Guerdat, lui, ne dramatise pas. Mais il ne l\u2019esquive pas non plus.<\/p>\n\n\n\n<p class=\"wp-block-paragraph\">\u00ab <em>Pour moi, c\u2019est un nouveau chapitre qui commence.<\/em> \u00bb<\/p>\n\n\n\n<p class=\"wp-block-paragraph\">Le dimanche de son titre, dans l\u2019\u00e9motion, il avait m\u00eame parl\u00e9 d\u2019une \u00ab nouvelle vie \u00bb. Quelques jours plus tard, il rectifie. Nouvelle vie, peut-\u00eatre pas. Nouveau chapitre, certainement.<\/p>\n\n\n\n<p class=\"wp-block-paragraph\">Et pour une fois, le Suisse avance sans plan parfaitement dessin\u00e9.<\/p>\n\n\n\n<p class=\"wp-block-paragraph\">Il conna\u00eet pourtant tr\u00e8s bien le m\u00e9canisme de l\u2019apr\u00e8s-grand objectif. Les Jeux olympiques lui ont appris cette sensation \u00e9trange.<\/p>\n\n\n\n<p class=\"wp-block-paragraph\">Pendant des ann\u00e9es, tout est organis\u00e9 autour d\u2019une date. On sait que les Jeux arrivent. On construit les saisons, on g\u00e8re les chevaux, on planifie. Toute une vie sportive converge progressivement vers quelques minutes en piste.<\/p>\n\n\n\n<p class=\"wp-block-paragraph\">Puis les Jeux se terminent.<\/p>\n\n\n\n<p class=\"wp-block-paragraph\">\u00ab <em>Tu te r\u00e9veilles le matin, la vie continue, mais tu as presque l\u2019impression qu\u2019il y a un coup d\u2019arr\u00eat. T\u2019es devant un mur ou devant un trou noir et tu te dis : \u201cMais\u2026 et quoi maintenant ?\u201d <\/em>\u00bb<\/p>\n\n\n\n<p class=\"wp-block-paragraph\">Cette fois, la situation est diff\u00e9rente.<\/p>\n\n\n\n<p class=\"wp-block-paragraph\">Gagner toutes les m\u00e9dailles \u00e0 son \u00e2ge n\u2019\u00e9tait pas une date entour\u00e9e en rouge dans le calendrier.<\/p>\n\n\n\n<p class=\"wp-block-paragraph\">\u00ab <em>Ce n\u2019\u00e9tait pas programm\u00e9 de gagner toutes les m\u00e9dailles \u00e0 44 ans. Pour notre sport, ce n\u2019est encore pas vieux, avec des chevaux qui sont en pleine forme. Mais c\u2019est arriv\u00e9.<\/em> \u00bb<\/p>\n\n\n\n<p class=\"wp-block-paragraph\">Et voil\u00e0 Guerdat dans un territoire qu\u2019il conna\u00eet moins bien : celui o\u00f9 il n\u2019y a plus de troph\u00e9e manquant pour dicter naturellement la prochaine destination.<\/p>\n\n\n\n<p class=\"wp-block-paragraph\">\u00ab <em>Je ne veux pas me mentir : je ne sais pas. Je ne sais pas comment je vais r\u00e9agir. <\/em>\u00bb<\/p>\n\n\n\n<p class=\"wp-block-paragraph\"><\/p>\n\n\n\n<h2 class=\"wp-block-heading\">Pas de syndrome Phelps<\/h2>\n\n\n\n<p class=\"wp-block-paragraph\"><\/p>\n\n\n\n<p class=\"wp-block-paragraph\">On lui parle de Michael Phelps. De ces champions qui ont tellement gagn\u00e9 que l\u2019apr\u00e8s a parfois \u00e9t\u00e9 beaucoup plus compliqu\u00e9 que le chemin vers le sommet. De la d\u00e9pression qui peut suivre la disparition du prochain objectif.<\/p>\n\n\n\n<p class=\"wp-block-paragraph\">Guerdat coupe rapidement court \u00e0 cette perspective.<\/p>\n\n\n\n<p class=\"wp-block-paragraph\">\u00ab <em>D\u00e9pression, s\u00fbr que non, parce que j\u2019adore ma vie, j\u2019adore ce que je fais.<\/em> \u00bb<\/p>\n\n\n\n<p class=\"wp-block-paragraph\">Et c\u2019est l\u00e0 que sa r\u00e9ponse devient peut-\u00eatre plus int\u00e9ressante que la question du prochain championnat.<\/p>\n\n\n\n<p class=\"wp-block-paragraph\">Guerdat ne monte pas uniquement pour ajouter des lignes \u00e0 son palmar\u00e8s.<\/p>\n\n\n\n<p class=\"wp-block-paragraph\">\u00ab <em>J\u2019adore me lever le matin pour aller \u00e0 l\u2019\u00e9curie et monter mes chevaux. Il y a \u00e9norm\u00e9ment de sources de satisfaction dans notre sport.<\/em> \u00bb<\/p>\n\n\n\n<p class=\"wp-block-paragraph\">Il se permet m\u00eame une petite comparaison avec les autres disciplines. Faire des longueurs pendant des heures avec la t\u00eate sous l\u2019eau ? Il comprend qu\u2019un nageur puisse finir par en avoir marre. Taper dans une balle de tennis ? M\u00eame raquette, m\u00eame balle, m\u00eame terrain, r\u00e9sume-t-il en substance.<\/p>\n\n\n\n<p class=\"wp-block-paragraph\">Chez les cavaliers, dit-il, le jeu se renouvelle constamment.<\/p>\n\n\n\n<p class=\"wp-block-paragraph\">Parce qu\u2019il y a le cheval.<\/p>\n\n\n\n<p class=\"wp-block-paragraph\">Un jeune \u00e0 construire. Un autre, moins talentueux, qui progresse. Une relation \u00e0 comprendre. Un d\u00e9tail qui fonctionne enfin apr\u00e8s des semaines de travail. Des r\u00e9ussites qui ne produiront jamais une m\u00e9daille, un podium ou un communiqu\u00e9 de presse, mais qui peuvent compter \u00e9norm\u00e9ment pour celui qui les vit.<\/p>\n\n\n\n<p class=\"wp-block-paragraph\">\u00ab <em>Il n\u2019y a pas que le r\u00e9sultat sportif. Il y a aussi la progression des chevaux. <\/em>\u00bb<\/p>\n\n\n\n<p class=\"wp-block-paragraph\">Guerdat souligne d\u2019ailleurs que cette satisfaction-l\u00e0 est probablement moins visible dans les m\u00e9dias. Pourtant, pour le cavalier, elle existe tous les jours.<\/p>\n\n\n\n<p class=\"wp-block-paragraph\">C\u2019est peut-\u00eatre ici que se trouve d\u00e9j\u00e0 une partie de la r\u00e9ponse \u00e0 son fameux \u00ab <em>et maintenant ?<\/em> \u00bb.<\/p>\n\n\n\n<p class=\"wp-block-paragraph\">Quand les m\u00e9dailles ne peuvent plus servir de cases \u00e0 cocher, il reste les chevaux.<\/p>\n\n\n\n<figure class=\"wp-block-image size-large\"><img decoding=\"async\" width=\"2280\" height=\"1520\" data-src=\"https:\/\/www.sohorse.eu\/wp-content\/uploads\/2026\/09\/steve-aaachen-3-2280x1520.png\" alt=\"\" class=\"wp-image-51908 lazyload\" data-srcset=\"https:\/\/www.sohorse.eu\/wp-content\/uploads\/2026\/09\/steve-aaachen-3-2280x1520.png 2280w, https:\/\/www.sohorse.eu\/wp-content\/uploads\/2026\/09\/steve-aaachen-3-1140x760.png 1140w, https:\/\/www.sohorse.eu\/wp-content\/uploads\/2026\/09\/steve-aaachen-3-768x512.png 768w, https:\/\/www.sohorse.eu\/wp-content\/uploads\/2026\/09\/steve-aaachen-3-1536x1024.png 1536w, https:\/\/www.sohorse.eu\/wp-content\/uploads\/2026\/09\/steve-aaachen-3-2048x1365.png 2048w, https:\/\/www.sohorse.eu\/wp-content\/uploads\/2026\/09\/steve-aaachen-3-18x12.png 18w, https:\/\/www.sohorse.eu\/wp-content\/uploads\/2026\/09\/steve-aaachen-3-1320x880.png 1320w\" data-sizes=\"(max-width: 2280px) 100vw, 2280px\" src=\"data:image\/svg+xml;base64,PHN2ZyB3aWR0aD0iMSIgaGVpZ2h0PSIxIiB4bWxucz0iaHR0cDovL3d3dy53My5vcmcvMjAwMC9zdmciPjwvc3ZnPg==\" style=\"--smush-placeholder-width: 2280px; --smush-placeholder-aspect-ratio: 2280\/1520;\" \/><\/figure>\n\n\n\n<p class=\"wp-block-paragraph\"><\/p>\n\n\n\n<h2 class=\"wp-block-heading\">\u00ab Mes chevaux sont mes psychologues \u00bb<\/h2>\n\n\n\n<p class=\"wp-block-paragraph\"><\/p>\n\n\n\n<p class=\"wp-block-paragraph\">On lui demande alors comment il compte g\u00e9rer cette nouvelle situation. Avec un psychologue sportif, peut-\u00eatre ?<\/p>\n\n\n\n<p class=\"wp-block-paragraph\">La r\u00e9ponse fuse.<\/p>\n\n\n\n<p class=\"wp-block-paragraph\">\u00ab <em>Mes chevaux sont mes psychologues.<\/em> \u00bb<\/p>\n\n\n\n<p class=\"wp-block-paragraph\">La formule pourrait faire sourire, mais la suite dit beaucoup du personnage.<\/p>\n\n\n\n<p class=\"wp-block-paragraph\">Guerdat parle peu de ce qui se passe dans sa t\u00eate. M\u00eame avec son entourage.<\/p>\n\n\n\n<p class=\"wp-block-paragraph\">\u00ab <em>J\u2019ai toujours \u00e9t\u00e9 assez r\u00e9serv\u00e9. Je garde les choses un peu pour moi. <\/em>\u00bb<\/p>\n\n\n\n<p class=\"wp-block-paragraph\">Mais \u00eatre r\u00e9serv\u00e9 ne signifie pas nier ses \u00e9motions. Au contraire. Sa m\u00e9thode consiste presque \u00e0 refuser d\u2019en avoir une.<\/p>\n\n\n\n<p class=\"wp-block-paragraph\">Pas de mantra. Pas de tentative de se persuader que tout va merveilleusement bien lorsqu\u2019il est stress\u00e9.<\/p>\n\n\n\n<p class=\"wp-block-paragraph\">\u00ab <em>Si je suis stress\u00e9, ben je suis stress\u00e9. Je n\u2019ai pas de raison de me convaincre de ne pas l\u2019\u00eatre parce que se convaincre de ne pas l\u2019\u00eatre, c\u2019est l\u2019\u00eatre encore plus. <\/em>\u00bb<\/p>\n\n\n\n<p class=\"wp-block-paragraph\">M\u00eame chose avec la peur.<\/p>\n\n\n\n<p class=\"wp-block-paragraph\">\u00ab <em>Si j\u2019ai mal dormi parce que j\u2019avais mal au ventre, parce que j\u2019avais peur de mal faire, pourquoi le cacher ? C\u2019est comme \u00e7a. Puis on essaye de faire avec.<\/em> \u00bb<\/p>\n\n\n\n<p class=\"wp-block-paragraph\">Voil\u00e0 peut-\u00eatre l\u2019un des paradoxes les plus int\u00e9ressants de Guerdat.<\/p>\n\n\n\n<p class=\"wp-block-paragraph\">Vu de l\u2019ext\u00e9rieur, il donne souvent l\u2019impression d\u2019un homme dont le rythme cardiaque pourrait rester stable au milieu d\u2019un incendie. Mais son calme n\u2019est pas l\u2019absence de peur. Chez lui, il semble plut\u00f4t venir de son acceptation.<\/p>\n\n\n\n<p class=\"wp-block-paragraph\">Pas besoin de se raconter qu\u2019elle n\u2019existe pas.<\/p>\n\n\n\n<p class=\"wp-block-paragraph\">Elle est l\u00e0 ? Tr\u00e8s bien.<\/p>\n\n\n\n<p class=\"wp-block-paragraph\">On monte avec.<\/p>\n\n\n\n<h2 class=\"wp-block-heading\">Le luxe de ne pas savoir<\/h2>\n\n\n\n<p class=\"wp-block-paragraph\"><\/p>\n\n\n\n<p class=\"wp-block-paragraph\">Reste donc l\u2019avenir.<\/p>\n\n\n\n<p class=\"wp-block-paragraph\">Guerdat pourrait r\u00e9pondre Los Angeles. Un nouveau championnat. Une autre finale de Coupe du monde. Une nouvelle g\u00e9n\u00e9ration de chevaux. Une \u00e9ni\u00e8me ligne au palmar\u00e8s.<\/p>\n\n\n\n<p class=\"wp-block-paragraph\">Il ne le fait pas.<\/p>\n\n\n\n<p class=\"wp-block-paragraph\">\u00ab <em>Comment mon mental va r\u00e9agir ? Comment ma motivation va revenir ?&nbsp;\u00c7a ne me fait pas peur, mais je ne sais pas. <\/em>\u00bb<\/p>\n\n\n\n<p class=\"wp-block-paragraph\">Et pour quelqu\u2019un qui a pass\u00e9 une bonne partie de sa carri\u00e8re \u00e0 contr\u00f4ler les d\u00e9tails, pr\u00e9parer les \u00e9ch\u00e9ances et chercher les quelques centim\u00e8tres qui feront la diff\u00e9rence, cette absence de r\u00e9ponse ressemble presque \u00e0 une nouveaut\u00e9.<\/p>\n\n\n\n<p class=\"wp-block-paragraph\">Il ne para\u00eet pourtant pas press\u00e9 de la trouver.<\/p>\n\n\n\n<p class=\"wp-block-paragraph\">\u00ab <em>Ce sont des questions auxquelles je n\u2019ai pas les r\u00e9ponses. Je vais voir ce que la vie me r\u00e9serve. Avec les chevaux, de toute fa\u00e7on, il y a toujours tellement de surprises.<\/em> \u00bb<\/p>\n\n\n\n<p class=\"wp-block-paragraph\">Il ne parle pas de \u00ab trou noir \u00bb. Ou plut\u00f4t, il se reprend imm\u00e9diatement lorsqu\u2019il emploie l\u2019expression. Le mot est trop n\u00e9gatif pour ce qu\u2019il ressent.<\/p>\n\n\n\n<p class=\"wp-block-paragraph\">C\u2019est davantage&nbsp;l\u2019inconnu.<\/p>\n\n\n\n<p class=\"wp-block-paragraph\">Et cet inconnu ne lui fait pas peur.<\/p>\n\n\n\n<p class=\"wp-block-paragraph\"><\/p>\n\n\n\n<figure class=\"wp-block-image size-large\"><img decoding=\"async\" width=\"2280\" height=\"1520\" data-src=\"https:\/\/www.sohorse.eu\/wp-content\/uploads\/2026\/09\/steve-bsm-2280x1520.png\" alt=\"\" class=\"wp-image-51907 lazyload\" data-srcset=\"https:\/\/www.sohorse.eu\/wp-content\/uploads\/2026\/09\/steve-bsm-2280x1520.png 2280w, https:\/\/www.sohorse.eu\/wp-content\/uploads\/2026\/09\/steve-bsm-1140x760.png 1140w, https:\/\/www.sohorse.eu\/wp-content\/uploads\/2026\/09\/steve-bsm-768x512.png 768w, https:\/\/www.sohorse.eu\/wp-content\/uploads\/2026\/09\/steve-bsm-1536x1024.png 1536w, https:\/\/www.sohorse.eu\/wp-content\/uploads\/2026\/09\/steve-bsm-2048x1365.png 2048w, https:\/\/www.sohorse.eu\/wp-content\/uploads\/2026\/09\/steve-bsm-18x12.png 18w, https:\/\/www.sohorse.eu\/wp-content\/uploads\/2026\/09\/steve-bsm-1320x880.png 1320w\" data-sizes=\"(max-width: 2280px) 100vw, 2280px\" src=\"data:image\/svg+xml;base64,PHN2ZyB3aWR0aD0iMSIgaGVpZ2h0PSIxIiB4bWxucz0iaHR0cDovL3d3dy53My5vcmcvMjAwMC9zdmciPjwvc3ZnPg==\" style=\"--smush-placeholder-width: 2280px; --smush-placeholder-aspect-ratio: 2280\/1520;\" \/><\/figure>\n\n\n\n<p class=\"wp-block-paragraph\">\u00c0 44 ans, Steve Guerdat est champion du monde. Il poss\u00e8de d\u00e9sormais cette derni\u00e8re grande m\u00e9daille qui r\u00e9sistait encore \u00e0 son palmar\u00e8s. Ses chevaux sont l\u00e0. L\u2019envie de les monter aussi.<\/p>\n\n\n\n<p class=\"wp-block-paragraph\">Pour le reste, il verra.<\/p>\n\n\n\n<p class=\"wp-block-paragraph\">Apr\u00e8s avoir pass\u00e9 sa carri\u00e8re \u00e0 savoir exactement o\u00f9 il voulait aller, le nouveau champion du monde peut peut-\u00eatre s\u2019offrir un luxe assez rare :&nbsp;ne pas encore savoir ce qui vient ensuite.<\/p>\n\n\n\n<p class=\"wp-block-paragraph\"><\/p>","protected":false},"excerpt":{"rendered":"<p>\u00c0 44 ans, Steve Guerdat a d\u00e9sormais tout gagn\u00e9. Huit jours apr\u00e8s son titre mondial \u00e0 Aix-la-Chapelle, le Suisse savoure, r\u00e9cup\u00e8re et d\u00e9couvre surtout une situation nouvelle : pour la premi\u00e8re fois, aucune m\u00e9daille manquante ne lui indique la prochaine destination. Motivation, peur de mal faire, rapport aux chevaux et vertige de l\u2019apr\u00e8s : \u00e0 [&hellip;]<\/p>\n","protected":false},"author":2,"featured_media":51905,"comment_status":"closed","ping_status":"closed","sticky":false,"template":"","format":"standard","meta":{"_acf_changed":false,"footnotes":""},"categories":[15],"tags":[1234,95],"class_list":["post-51781","post","type-post","status-publish","format-standard","has-post-thumbnail","hentry","category-portraits-interviews","tag-dynamix-de-belheme","tag-steve-guerdat"],"acf":[],"yoast_head":"<!-- This site is optimized with the Yoast SEO plugin v28.3 - https:\/\/yoast.com\/product\/yoast-seo-wordpress\/ -->\n<title>Steve Guerdat a tout gagn\u00e9. Et maintenant ? &#8212; So Horse<\/title>\n<meta name=\"description\" content=\"Sacr\u00e9 \u00e0 Aix-la-Chapelle, Steve Guerdat \u00e9voque l\u2019apr\u00e8s-titre, sa motivation, ses chevaux et ce nouveau chapitre dont il ignore encore tout.\" \/>\n<meta name=\"robots\" content=\"index, follow, max-snippet:-1, max-image-preview:large, max-video-preview:-1\" \/>\n<link rel=\"canonical\" href=\"https:\/\/www.sohorse.eu\/en\/portraits-interviews\/2026\/09\/01\/steve-guerdat-champion-du-monde-et-maintenant\/\" \/>\n<meta property=\"og:locale\" content=\"en_GB\" \/>\n<meta property=\"og:type\" content=\"article\" \/>\n<meta property=\"og:title\" content=\"Steve Guerdat a tout gagn\u00e9. Et maintenant ? &#8212; So Horse\" \/>\n<meta property=\"og:description\" content=\"Sacr\u00e9 \u00e0 Aix-la-Chapelle, Steve Guerdat \u00e9voque l\u2019apr\u00e8s-titre, sa motivation, ses chevaux et ce nouveau chapitre dont il ignore encore tout.\" \/>\n<meta property=\"og:url\" content=\"https:\/\/www.sohorse.eu\/en\/portraits-interviews\/2026\/09\/01\/steve-guerdat-champion-du-monde-et-maintenant\/\" \/>\n<meta property=\"og:site_name\" content=\"So Horse\" \/>\n<meta property=\"article:publisher\" content=\"https:\/\/www.facebook.com\/sohorse.official\" \/>\n<meta property=\"article:published_time\" content=\"2026-09-01T07:12:57+00:00\" \/>\n<meta property=\"article:modified_time\" content=\"2026-09-01T07:13:01+00:00\" \/>\n<meta property=\"og:image\" content=\"https:\/\/www.sohorse.eu\/wp-content\/uploads\/2026\/08\/cover-So-Horse-8.png\" \/>\n\t<meta property=\"og:image:width\" content=\"1000\" \/>\n\t<meta property=\"og:image:height\" content=\"597\" \/>\n\t<meta property=\"og:image:type\" content=\"image\/png\" \/>\n<meta name=\"author\" content=\"S\u00e9bastien Boulanger\" \/>\n<meta name=\"twitter:card\" content=\"summary_large_image\" \/>\n<meta name=\"twitter:label1\" content=\"Written by\" \/>\n\t<meta name=\"twitter:data1\" content=\"S\u00e9bastien Boulanger\" \/>\n\t<meta name=\"twitter:label2\" content=\"Estimated reading time\" \/>\n\t<meta name=\"twitter:data2\" content=\"10 minutes\" \/>\n<script type=\"application\/ld+json\" class=\"yoast-schema-graph\">{\"@context\":\"https:\\\/\\\/schema.org\",\"@graph\":[{\"@type\":\"Article\",\"@id\":\"https:\\\/\\\/www.sohorse.eu\\\/portraits-interviews\\\/2026\\\/09\\\/01\\\/steve-guerdat-champion-du-monde-et-maintenant\\\/#article\",\"isPartOf\":{\"@id\":\"https:\\\/\\\/www.sohorse.eu\\\/portraits-interviews\\\/2026\\\/09\\\/01\\\/steve-guerdat-champion-du-monde-et-maintenant\\\/\"},\"author\":{\"name\":\"S\u00e9bastien Boulanger\",\"@id\":\"https:\\\/\\\/www.sohorse.eu\\\/#\\\/schema\\\/person\\\/8ec889a1dca0caa9c3fc409225ae3ca4\"},\"headline\":\"Steve Guerdat a tout gagn\u00e9. Et maintenant ?\",\"datePublished\":\"2026-09-01T07:12:57+00:00\",\"dateModified\":\"2026-09-01T07:13:01+00:00\",\"mainEntityOfPage\":{\"@id\":\"https:\\\/\\\/www.sohorse.eu\\\/portraits-interviews\\\/2026\\\/09\\\/01\\\/steve-guerdat-champion-du-monde-et-maintenant\\\/\"},\"wordCount\":1823,\"publisher\":{\"@id\":\"https:\\\/\\\/www.sohorse.eu\\\/#organization\"},\"image\":{\"@id\":\"https:\\\/\\\/www.sohorse.eu\\\/portraits-interviews\\\/2026\\\/09\\\/01\\\/steve-guerdat-champion-du-monde-et-maintenant\\\/#primaryimage\"},\"thumbnailUrl\":\"https:\\\/\\\/www.sohorse.eu\\\/wp-content\\\/uploads\\\/2026\\\/08\\\/cover-So-Horse-8.png\",\"keywords\":[\"Dynamix de Belheme\",\"Steve Guerdat\"],\"articleSection\":[\"Portraits &amp; grandes interviews\"],\"inLanguage\":\"en-GB\"},{\"@type\":\"WebPage\",\"@id\":\"https:\\\/\\\/www.sohorse.eu\\\/portraits-interviews\\\/2026\\\/09\\\/01\\\/steve-guerdat-champion-du-monde-et-maintenant\\\/\",\"url\":\"https:\\\/\\\/www.sohorse.eu\\\/portraits-interviews\\\/2026\\\/09\\\/01\\\/steve-guerdat-champion-du-monde-et-maintenant\\\/\",\"name\":\"Steve Guerdat a tout gagn\u00e9. Et maintenant ? &#8212; So Horse\",\"isPartOf\":{\"@id\":\"https:\\\/\\\/www.sohorse.eu\\\/#website\"},\"primaryImageOfPage\":{\"@id\":\"https:\\\/\\\/www.sohorse.eu\\\/portraits-interviews\\\/2026\\\/09\\\/01\\\/steve-guerdat-champion-du-monde-et-maintenant\\\/#primaryimage\"},\"image\":{\"@id\":\"https:\\\/\\\/www.sohorse.eu\\\/portraits-interviews\\\/2026\\\/09\\\/01\\\/steve-guerdat-champion-du-monde-et-maintenant\\\/#primaryimage\"},\"thumbnailUrl\":\"https:\\\/\\\/www.sohorse.eu\\\/wp-content\\\/uploads\\\/2026\\\/08\\\/cover-So-Horse-8.png\",\"datePublished\":\"2026-09-01T07:12:57+00:00\",\"dateModified\":\"2026-09-01T07:13:01+00:00\",\"description\":\"Sacr\u00e9 \u00e0 Aix-la-Chapelle, Steve Guerdat \u00e9voque l\u2019apr\u00e8s-titre, sa motivation, ses chevaux et ce nouveau chapitre dont il ignore encore tout.\",\"breadcrumb\":{\"@id\":\"https:\\\/\\\/www.sohorse.eu\\\/portraits-interviews\\\/2026\\\/09\\\/01\\\/steve-guerdat-champion-du-monde-et-maintenant\\\/#breadcrumb\"},\"inLanguage\":\"en-GB\",\"potentialAction\":[{\"@type\":\"ReadAction\",\"target\":[\"https:\\\/\\\/www.sohorse.eu\\\/portraits-interviews\\\/2026\\\/09\\\/01\\\/steve-guerdat-champion-du-monde-et-maintenant\\\/\"]}]},{\"@type\":\"ImageObject\",\"inLanguage\":\"en-GB\",\"@id\":\"https:\\\/\\\/www.sohorse.eu\\\/portraits-interviews\\\/2026\\\/09\\\/01\\\/steve-guerdat-champion-du-monde-et-maintenant\\\/#primaryimage\",\"url\":\"https:\\\/\\\/www.sohorse.eu\\\/wp-content\\\/uploads\\\/2026\\\/08\\\/cover-So-Horse-8.png\",\"contentUrl\":\"https:\\\/\\\/www.sohorse.eu\\\/wp-content\\\/uploads\\\/2026\\\/08\\\/cover-So-Horse-8.png\",\"width\":1000,\"height\":597,\"caption\":\"Steve Guerdat\"},{\"@type\":\"BreadcrumbList\",\"@id\":\"https:\\\/\\\/www.sohorse.eu\\\/portraits-interviews\\\/2026\\\/09\\\/01\\\/steve-guerdat-champion-du-monde-et-maintenant\\\/#breadcrumb\",\"itemListElement\":[{\"@type\":\"ListItem\",\"position\":1,\"name\":\"So Horse\",\"item\":\"https:\\\/\\\/www.sohorse.eu\\\/\"},{\"@type\":\"ListItem\",\"position\":2,\"name\":\"Portraits &amp; grandes interviews\",\"item\":\"https:\\\/\\\/www.sohorse.eu\\\/categorie\\\/portraits-interviews\\\/\"},{\"@type\":\"ListItem\",\"position\":3,\"name\":\"Steve Guerdat a tout gagn\u00e9. Et maintenant ?\"}]},{\"@type\":\"WebSite\",\"@id\":\"https:\\\/\\\/www.sohorse.eu\\\/#website\",\"url\":\"https:\\\/\\\/www.sohorse.eu\\\/\",\"name\":\"So Horse\",\"description\":\"L\u2019actu sur les chevaux autrement. \",\"publisher\":{\"@id\":\"https:\\\/\\\/www.sohorse.eu\\\/#organization\"},\"potentialAction\":[{\"@type\":\"SearchAction\",\"target\":{\"@type\":\"EntryPoint\",\"urlTemplate\":\"https:\\\/\\\/www.sohorse.eu\\\/?s={search_term_string}\"},\"query-input\":{\"@type\":\"PropertyValueSpecification\",\"valueRequired\":true,\"valueName\":\"search_term_string\"}}],\"inLanguage\":\"en-GB\"},{\"@type\":\"Organization\",\"@id\":\"https:\\\/\\\/www.sohorse.eu\\\/#organization\",\"name\":\"So Horse\",\"url\":\"https:\\\/\\\/www.sohorse.eu\\\/\",\"logo\":{\"@type\":\"ImageObject\",\"inLanguage\":\"en-GB\",\"@id\":\"https:\\\/\\\/www.sohorse.eu\\\/#\\\/schema\\\/logo\\\/image\\\/\",\"url\":\"https:\\\/\\\/www.sohorse.eu\\\/wp-content\\\/uploads\\\/2024\\\/03\\\/logog.png\",\"contentUrl\":\"https:\\\/\\\/www.sohorse.eu\\\/wp-content\\\/uploads\\\/2024\\\/03\\\/logog.png\",\"width\":296,\"height\":146,\"caption\":\"So Horse\"},\"image\":{\"@id\":\"https:\\\/\\\/www.sohorse.eu\\\/#\\\/schema\\\/logo\\\/image\\\/\"},\"sameAs\":[\"https:\\\/\\\/www.facebook.com\\\/sohorse.official\"]},{\"@type\":\"Person\",\"@id\":\"https:\\\/\\\/www.sohorse.eu\\\/#\\\/schema\\\/person\\\/8ec889a1dca0caa9c3fc409225ae3ca4\",\"name\":\"S\u00e9bastien Boulanger\",\"image\":{\"@type\":\"ImageObject\",\"inLanguage\":\"en-GB\",\"@id\":\"https:\\\/\\\/secure.gravatar.com\\\/avatar\\\/958b7300960313a7bf10ee053221a7a94b9056219a3a03458f5a0db80e1e25e3?s=96&d=mm&r=g\",\"url\":\"https:\\\/\\\/secure.gravatar.com\\\/avatar\\\/958b7300960313a7bf10ee053221a7a94b9056219a3a03458f5a0db80e1e25e3?s=96&d=mm&r=g\",\"contentUrl\":\"https:\\\/\\\/secure.gravatar.com\\\/avatar\\\/958b7300960313a7bf10ee053221a7a94b9056219a3a03458f5a0db80e1e25e3?s=96&d=mm&r=g\",\"caption\":\"S\u00e9bastien Boulanger\"},\"url\":\"https:\\\/\\\/www.sohorse.eu\\\/en\\\/author\\\/seb\\\/\"}]}<\/script>\n<!-- \/ Yoast SEO plugin. -->","yoast_head_json":{"title":"Steve Guerdat a tout gagn\u00e9. Et maintenant ? &#8212; So Horse","description":"Sacr\u00e9 \u00e0 Aix-la-Chapelle, Steve Guerdat \u00e9voque l\u2019apr\u00e8s-titre, sa motivation, ses chevaux et ce nouveau chapitre dont il ignore encore tout.","robots":{"index":"index","follow":"follow","max-snippet":"max-snippet:-1","max-image-preview":"max-image-preview:large","max-video-preview":"max-video-preview:-1"},"canonical":"https:\/\/www.sohorse.eu\/en\/portraits-interviews\/2026\/09\/01\/steve-guerdat-champion-du-monde-et-maintenant\/","og_locale":"en_GB","og_type":"article","og_title":"Steve Guerdat a tout gagn\u00e9. Et maintenant ? &#8212; So Horse","og_description":"Sacr\u00e9 \u00e0 Aix-la-Chapelle, Steve Guerdat \u00e9voque l\u2019apr\u00e8s-titre, sa motivation, ses chevaux et ce nouveau chapitre dont il ignore encore tout.","og_url":"https:\/\/www.sohorse.eu\/en\/portraits-interviews\/2026\/09\/01\/steve-guerdat-champion-du-monde-et-maintenant\/","og_site_name":"So Horse","article_publisher":"https:\/\/www.facebook.com\/sohorse.official","article_published_time":"2026-09-01T07:12:57+00:00","article_modified_time":"2026-09-01T07:13:01+00:00","og_image":[{"width":1000,"height":597,"url":"https:\/\/www.sohorse.eu\/wp-content\/uploads\/2026\/08\/cover-So-Horse-8.png","type":"image\/png"}],"author":"S\u00e9bastien Boulanger","twitter_card":"summary_large_image","twitter_misc":{"Written by":"S\u00e9bastien Boulanger","Estimated reading time":"10 minutes"},"schema":{"@context":"https:\/\/schema.org","@graph":[{"@type":"Article","@id":"https:\/\/www.sohorse.eu\/portraits-interviews\/2026\/09\/01\/steve-guerdat-champion-du-monde-et-maintenant\/#article","isPartOf":{"@id":"https:\/\/www.sohorse.eu\/portraits-interviews\/2026\/09\/01\/steve-guerdat-champion-du-monde-et-maintenant\/"},"author":{"name":"S\u00e9bastien Boulanger","@id":"https:\/\/www.sohorse.eu\/#\/schema\/person\/8ec889a1dca0caa9c3fc409225ae3ca4"},"headline":"Steve Guerdat a tout gagn\u00e9. Et maintenant ?","datePublished":"2026-09-01T07:12:57+00:00","dateModified":"2026-09-01T07:13:01+00:00","mainEntityOfPage":{"@id":"https:\/\/www.sohorse.eu\/portraits-interviews\/2026\/09\/01\/steve-guerdat-champion-du-monde-et-maintenant\/"},"wordCount":1823,"publisher":{"@id":"https:\/\/www.sohorse.eu\/#organization"},"image":{"@id":"https:\/\/www.sohorse.eu\/portraits-interviews\/2026\/09\/01\/steve-guerdat-champion-du-monde-et-maintenant\/#primaryimage"},"thumbnailUrl":"https:\/\/www.sohorse.eu\/wp-content\/uploads\/2026\/08\/cover-So-Horse-8.png","keywords":["Dynamix de Belheme","Steve Guerdat"],"articleSection":["Portraits &amp; grandes interviews"],"inLanguage":"en-GB"},{"@type":"WebPage","@id":"https:\/\/www.sohorse.eu\/portraits-interviews\/2026\/09\/01\/steve-guerdat-champion-du-monde-et-maintenant\/","url":"https:\/\/www.sohorse.eu\/portraits-interviews\/2026\/09\/01\/steve-guerdat-champion-du-monde-et-maintenant\/","name":"Steve Guerdat a tout gagn\u00e9. Et maintenant ? &#8212; So Horse","isPartOf":{"@id":"https:\/\/www.sohorse.eu\/#website"},"primaryImageOfPage":{"@id":"https:\/\/www.sohorse.eu\/portraits-interviews\/2026\/09\/01\/steve-guerdat-champion-du-monde-et-maintenant\/#primaryimage"},"image":{"@id":"https:\/\/www.sohorse.eu\/portraits-interviews\/2026\/09\/01\/steve-guerdat-champion-du-monde-et-maintenant\/#primaryimage"},"thumbnailUrl":"https:\/\/www.sohorse.eu\/wp-content\/uploads\/2026\/08\/cover-So-Horse-8.png","datePublished":"2026-09-01T07:12:57+00:00","dateModified":"2026-09-01T07:13:01+00:00","description":"Sacr\u00e9 \u00e0 Aix-la-Chapelle, Steve Guerdat \u00e9voque l\u2019apr\u00e8s-titre, sa motivation, ses chevaux et ce nouveau chapitre dont il ignore encore tout.","breadcrumb":{"@id":"https:\/\/www.sohorse.eu\/portraits-interviews\/2026\/09\/01\/steve-guerdat-champion-du-monde-et-maintenant\/#breadcrumb"},"inLanguage":"en-GB","potentialAction":[{"@type":"ReadAction","target":["https:\/\/www.sohorse.eu\/portraits-interviews\/2026\/09\/01\/steve-guerdat-champion-du-monde-et-maintenant\/"]}]},{"@type":"ImageObject","inLanguage":"en-GB","@id":"https:\/\/www.sohorse.eu\/portraits-interviews\/2026\/09\/01\/steve-guerdat-champion-du-monde-et-maintenant\/#primaryimage","url":"https:\/\/www.sohorse.eu\/wp-content\/uploads\/2026\/08\/cover-So-Horse-8.png","contentUrl":"https:\/\/www.sohorse.eu\/wp-content\/uploads\/2026\/08\/cover-So-Horse-8.png","width":1000,"height":597,"caption":"Steve Guerdat"},{"@type":"BreadcrumbList","@id":"https:\/\/www.sohorse.eu\/portraits-interviews\/2026\/09\/01\/steve-guerdat-champion-du-monde-et-maintenant\/#breadcrumb","itemListElement":[{"@type":"ListItem","position":1,"name":"So Horse","item":"https:\/\/www.sohorse.eu\/"},{"@type":"ListItem","position":2,"name":"Portraits &amp; grandes interviews","item":"https:\/\/www.sohorse.eu\/categorie\/portraits-interviews\/"},{"@type":"ListItem","position":3,"name":"Steve Guerdat a tout gagn\u00e9. Et maintenant ?"}]},{"@type":"WebSite","@id":"https:\/\/www.sohorse.eu\/#website","url":"https:\/\/www.sohorse.eu\/","name":"So Horse","description":"L\u2019actu sur les chevaux autrement.","publisher":{"@id":"https:\/\/www.sohorse.eu\/#organization"},"potentialAction":[{"@type":"SearchAction","target":{"@type":"EntryPoint","urlTemplate":"https:\/\/www.sohorse.eu\/?s={search_term_string}"},"query-input":{"@type":"PropertyValueSpecification","valueRequired":true,"valueName":"search_term_string"}}],"inLanguage":"en-GB"},{"@type":"Organization","@id":"https:\/\/www.sohorse.eu\/#organization","name":"So Horse","url":"https:\/\/www.sohorse.eu\/","logo":{"@type":"ImageObject","inLanguage":"en-GB","@id":"https:\/\/www.sohorse.eu\/#\/schema\/logo\/image\/","url":"https:\/\/www.sohorse.eu\/wp-content\/uploads\/2024\/03\/logog.png","contentUrl":"https:\/\/www.sohorse.eu\/wp-content\/uploads\/2024\/03\/logog.png","width":296,"height":146,"caption":"So Horse"},"image":{"@id":"https:\/\/www.sohorse.eu\/#\/schema\/logo\/image\/"},"sameAs":["https:\/\/www.facebook.com\/sohorse.official"]},{"@type":"Person","@id":"https:\/\/www.sohorse.eu\/#\/schema\/person\/8ec889a1dca0caa9c3fc409225ae3ca4","name":"S\u00e9bastien Boulanger","image":{"@type":"ImageObject","inLanguage":"en-GB","@id":"https:\/\/secure.gravatar.com\/avatar\/958b7300960313a7bf10ee053221a7a94b9056219a3a03458f5a0db80e1e25e3?s=96&d=mm&r=g","url":"https:\/\/secure.gravatar.com\/avatar\/958b7300960313a7bf10ee053221a7a94b9056219a3a03458f5a0db80e1e25e3?s=96&d=mm&r=g","contentUrl":"https:\/\/secure.gravatar.com\/avatar\/958b7300960313a7bf10ee053221a7a94b9056219a3a03458f5a0db80e1e25e3?s=96&d=mm&r=g","caption":"S\u00e9bastien Boulanger"},"url":"https:\/\/www.sohorse.eu\/en\/author\/seb\/"}]}},"_links":{"self":[{"href":"https:\/\/www.sohorse.eu\/en\/wp-json\/wp\/v2\/posts\/51781","targetHints":{"allow":["GET"]}}],"collection":[{"href":"https:\/\/www.sohorse.eu\/en\/wp-json\/wp\/v2\/posts"}],"about":[{"href":"https:\/\/www.sohorse.eu\/en\/wp-json\/wp\/v2\/types\/post"}],"author":[{"embeddable":true,"href":"https:\/\/www.sohorse.eu\/en\/wp-json\/wp\/v2\/users\/2"}],"replies":[{"embeddable":true,"href":"https:\/\/www.sohorse.eu\/en\/wp-json\/wp\/v2\/comments?post=51781"}],"version-history":[{"count":3,"href":"https:\/\/www.sohorse.eu\/en\/wp-json\/wp\/v2\/posts\/51781\/revisions"}],"predecessor-version":[{"id":51910,"href":"https:\/\/www.sohorse.eu\/en\/wp-json\/wp\/v2\/posts\/51781\/revisions\/51910"}],"wp:featuredmedia":[{"embeddable":true,"href":"https:\/\/www.sohorse.eu\/en\/wp-json\/wp\/v2\/media\/51905"}],"wp:attachment":[{"href":"https:\/\/www.sohorse.eu\/en\/wp-json\/wp\/v2\/media?parent=51781"}],"wp:term":[{"taxonomy":"category","embeddable":true,"href":"https:\/\/www.sohorse.eu\/en\/wp-json\/wp\/v2\/categories?post=51781"},{"taxonomy":"post_tag","embeddable":true,"href":"https:\/\/www.sohorse.eu\/en\/wp-json\/wp\/v2\/tags?post=51781"}],"curies":[{"name":"wp","href":"https:\/\/api.w.org\/{rel}","templated":true}]}}