{"id":51946,"date":"2026-09-03T21:19:06","date_gmt":"2026-09-03T19:19:06","guid":{"rendered":"https:\/\/www.sohorse.eu\/?p=51946"},"modified":"2026-09-03T21:19:08","modified_gmt":"2026-09-03T19:19:08","slug":"richard-vogel-numero-un-mondial-saut-obstacles","status":"publish","type":"post","link":"https:\/\/www.sohorse.eu\/en\/news\/2026\/09\/03\/richard-vogel-numero-un-mondial-saut-obstacles\/","title":{"rendered":"Richard Vogel, nouveau patron d\u2019un classement mondial pass\u00e9 au shaker"},"content":{"rendered":"<p class=\"wp-block-paragraph\">\u00c0 29 ans, Richard Vogel vient de franchir une nouvelle barre. L\u2019Allemand s\u2019installe pour la premi\u00e8re fois de sa carri\u00e8re sur le tr\u00f4ne du saut d\u2019obstacles mondial, devant Kent Farrington. Derri\u00e8re lui, les Mondiaux d\u2019Aix-la-Chapelle ont fait quelques d\u00e9g\u00e2ts : Steve Guerdat s\u2019envole, Piergiorgio Bucci et Daniel Deusser d\u00e9boulent dans le Top 10, tandis que plusieurs habitu\u00e9s prennent l\u2019ascenseur dans l\u2019autre sens.<\/p>\n\n\n\n<p class=\"wp-block-paragraph\"><\/p>\n\n\n\n<h2 class=\"wp-block-heading\">Vogel prend les cl\u00e9s<\/h2>\n\n\n\n<p class=\"wp-block-paragraph\"><\/p>\n\n\n\n<p class=\"wp-block-paragraph\">Cette fois, <strong>Richard Vogel<\/strong> ne regarde plus personne devant lui.<\/p>\n\n\n\n<p class=\"wp-block-paragraph\">Deuxi\u00e8me mondial le mois dernier, l\u2019Allemand prend la t\u00eate du nouveau Longines Ranking avec\u00a0<strong>3 376 points<\/strong>, ahead of\u00a0<strong>3 303<\/strong>\u00a0pour <strong>Kent Farrington.<\/strong> Une premi\u00e8re dans la carri\u00e8re du champion d\u2019Europe 2025, qui s\u2019installe au sommet apr\u00e8s 28 mois cons\u00e9cutifs pass\u00e9s dans le Top 10.<\/p>\n\n\n\n<p class=\"wp-block-paragraph\"><\/p>\n\n\n\n<figure class=\"wp-block-image size-large\"><img decoding=\"async\" width=\"2280\" height=\"1520\" data-src=\"https:\/\/www.sohorse.eu\/wp-content\/uploads\/2026\/09\/Vogel-GP-BSM-26-3-2280x1520.png\" alt=\"\" class=\"wp-image-51955 lazyload\" data-srcset=\"https:\/\/www.sohorse.eu\/wp-content\/uploads\/2026\/09\/Vogel-GP-BSM-26-3-2280x1520.png 2280w, https:\/\/www.sohorse.eu\/wp-content\/uploads\/2026\/09\/Vogel-GP-BSM-26-3-1140x760.png 1140w, https:\/\/www.sohorse.eu\/wp-content\/uploads\/2026\/09\/Vogel-GP-BSM-26-3-768x512.png 768w, https:\/\/www.sohorse.eu\/wp-content\/uploads\/2026\/09\/Vogel-GP-BSM-26-3-1536x1024.png 1536w, https:\/\/www.sohorse.eu\/wp-content\/uploads\/2026\/09\/Vogel-GP-BSM-26-3-2048x1365.png 2048w, https:\/\/www.sohorse.eu\/wp-content\/uploads\/2026\/09\/Vogel-GP-BSM-26-3-18x12.png 18w, https:\/\/www.sohorse.eu\/wp-content\/uploads\/2026\/09\/Vogel-GP-BSM-26-3-1320x880.png 1320w\" data-sizes=\"(max-width: 2280px) 100vw, 2280px\" src=\"data:image\/svg+xml;base64,PHN2ZyB3aWR0aD0iMSIgaGVpZ2h0PSIxIiB4bWxucz0iaHR0cDovL3d3dy53My5vcmcvMjAwMC9zdmciPjwvc3ZnPg==\" style=\"--smush-placeholder-width: 2280px; --smush-placeholder-aspect-ratio: 2280\/1520;\" \/><\/figure>\n\n\n\n<p class=\"wp-block-paragraph\"><\/p>\n\n\n\n<p class=\"wp-block-paragraph\">Son mois d\u2019ao\u00fbt n\u2019a \u00e9videmment rien d\u2019un accident industriel : Vogel a particip\u00e9 au\u00a0titre mondial par \u00e9quipes de l\u2019Allemagne \u00e0 Aix-la-Chapelle\u00a0avec <strong>United Touch S<\/strong>, avant de remporter quelques jours plus tard le\u00a0Grand Prix 5*\u00a0de Bruxelles avec <strong>Gangster Montdesir<\/strong>. Quand on veut devenir num\u00e9ro un mondial, il existe des programmes plus idiots.<\/p>\n\n\n\n<p class=\"wp-block-paragraph\"><\/p>\n\n\n\n<h2 class=\"wp-block-heading\">Guerdat prend douze \u00e9tages<\/h2>\n\n\n\n<p class=\"wp-block-paragraph\">Derri\u00e8re, \u00e7a d\u00e9m\u00e9nage s\u00e9rieusement.<\/p>\n\n\n\n<p class=\"wp-block-paragraph\"><\/p>\n\n\n\n<figure class=\"wp-block-image size-large\"><img decoding=\"async\" width=\"2280\" height=\"1520\" data-src=\"https:\/\/www.sohorse.eu\/wp-content\/uploads\/2026\/09\/Brash-Mango-2-2280x1520.jpg\" alt=\"\" class=\"wp-image-51952 lazyload\" data-srcset=\"https:\/\/www.sohorse.eu\/wp-content\/uploads\/2026\/09\/Brash-Mango-2-2280x1520.jpg 2280w, https:\/\/www.sohorse.eu\/wp-content\/uploads\/2026\/09\/Brash-Mango-2-1140x760.jpg 1140w, https:\/\/www.sohorse.eu\/wp-content\/uploads\/2026\/09\/Brash-Mango-2-768x512.jpg 768w, https:\/\/www.sohorse.eu\/wp-content\/uploads\/2026\/09\/Brash-Mango-2-1536x1024.jpg 1536w, https:\/\/www.sohorse.eu\/wp-content\/uploads\/2026\/09\/Brash-Mango-2-2048x1365.jpg 2048w, https:\/\/www.sohorse.eu\/wp-content\/uploads\/2026\/09\/Brash-Mango-2-18x12.jpg 18w, https:\/\/www.sohorse.eu\/wp-content\/uploads\/2026\/09\/Brash-Mango-2-1320x880.jpg 1320w\" data-sizes=\"(max-width: 2280px) 100vw, 2280px\" src=\"data:image\/svg+xml;base64,PHN2ZyB3aWR0aD0iMSIgaGVpZ2h0PSIxIiB4bWxucz0iaHR0cDovL3d3dy53My5vcmcvMjAwMC9zdmciPjwvc3ZnPg==\" style=\"--smush-placeholder-width: 2280px; --smush-placeholder-aspect-ratio: 2280\/1520;\" \/><\/figure>\n\n\n\n<p class=\"wp-block-paragraph\"><strong>Scott Brash<\/strong>\u00a0gagne une place et compl\u00e8te le podium. Mais le d\u00e9m\u00e9nagement du mois est sign\u00e9\u00a0<strong>Steve Guerdat<\/strong>\u00a0: le Suisse passe de la\u00a016e \u00e0 la 4e place, port\u00e9 notamment par son titre de champion du monde individuel d\u00e9croch\u00e9 \u00e0 Aix-la-Chapelle.\u00a0<strong>Shane Sweetnam<\/strong>\u00a0recule de la troisi\u00e8me \u00e0 la cinqui\u00e8me position, devant\u00a0<strong>Ben Maher<\/strong>, d\u00e9sormais sixi\u00e8me.<\/p>\n\n\n\n<p class=\"wp-block-paragraph\">Autre grosse pouss\u00e9e :&nbsp;<strong>Piergiorgio Bucci<\/strong>&nbsp;bondit de la&nbsp;<strong>14e \u00e0 la 7e place<\/strong>&nbsp;et int\u00e8gre pour la premi\u00e8re fois le Top 10 mondial. Juste derri\u00e8re,&nbsp;<strong>Daniel Deusser<\/strong>&nbsp;passe de la&nbsp;<strong>15e \u00e0 la 8e place<\/strong>, while&nbsp;<strong>McLain Ward<\/strong>&nbsp;remonte de la 12e \u00e0 la 9e.<\/p>\n\n\n\n<p class=\"wp-block-paragraph\"><\/p>\n\n\n\n<figure class=\"wp-block-image size-large\"><img decoding=\"async\" width=\"2280\" height=\"1520\" data-src=\"https:\/\/www.sohorse.eu\/wp-content\/uploads\/2026\/09\/DD-Aachen-D1-2280x1520.jpg\" alt=\"\" class=\"wp-image-51951 lazyload\" data-srcset=\"https:\/\/www.sohorse.eu\/wp-content\/uploads\/2026\/09\/DD-Aachen-D1-2280x1520.jpg 2280w, https:\/\/www.sohorse.eu\/wp-content\/uploads\/2026\/09\/DD-Aachen-D1-1140x760.jpg 1140w, https:\/\/www.sohorse.eu\/wp-content\/uploads\/2026\/09\/DD-Aachen-D1-768x512.jpg 768w, https:\/\/www.sohorse.eu\/wp-content\/uploads\/2026\/09\/DD-Aachen-D1-1536x1024.jpg 1536w, https:\/\/www.sohorse.eu\/wp-content\/uploads\/2026\/09\/DD-Aachen-D1-2048x1365.jpg 2048w, https:\/\/www.sohorse.eu\/wp-content\/uploads\/2026\/09\/DD-Aachen-D1-18x12.jpg 18w, https:\/\/www.sohorse.eu\/wp-content\/uploads\/2026\/09\/DD-Aachen-D1-1320x880.jpg 1320w\" data-sizes=\"(max-width: 2280px) 100vw, 2280px\" src=\"data:image\/svg+xml;base64,PHN2ZyB3aWR0aD0iMSIgaGVpZ2h0PSIxIiB4bWxucz0iaHR0cDovL3d3dy53My5vcmcvMjAwMC9zdmciPjwvc3ZnPg==\" style=\"--smush-placeholder-width: 2280px; --smush-placeholder-aspect-ratio: 2280\/1520;\" \/><\/figure>\n\n\n\n<p class=\"wp-block-paragraph\"><\/p>\n\n\n\n<p class=\"wp-block-paragraph\"><strong>Nina Mallevaey<\/strong>&nbsp;glisse de la huiti\u00e8me \u00e0 la dixi\u00e8me place mais reste la cavali\u00e8re la mieux class\u00e9e au monde.&nbsp;<strong>Julien \u00c9paillard<\/strong>, lui, sort du Top 10 et pointe d\u00e9sormais au&nbsp;<strong>11e rang<\/strong>.<\/p>\n\n\n\n<p class=\"wp-block-paragraph\"><\/p>\n\n\n\n<figure class=\"wp-block-image size-large\"><img decoding=\"async\" width=\"2280\" height=\"1520\" data-src=\"https:\/\/www.sohorse.eu\/wp-content\/uploads\/2026\/09\/Mallevaey-4-2280x1520.jpg\" alt=\"\" class=\"wp-image-51953 lazyload\" data-srcset=\"https:\/\/www.sohorse.eu\/wp-content\/uploads\/2026\/09\/Mallevaey-4-2280x1520.jpg 2280w, https:\/\/www.sohorse.eu\/wp-content\/uploads\/2026\/09\/Mallevaey-4-1140x760.jpg 1140w, https:\/\/www.sohorse.eu\/wp-content\/uploads\/2026\/09\/Mallevaey-4-768x512.jpg 768w, https:\/\/www.sohorse.eu\/wp-content\/uploads\/2026\/09\/Mallevaey-4-1536x1024.jpg 1536w, https:\/\/www.sohorse.eu\/wp-content\/uploads\/2026\/09\/Mallevaey-4-2048x1365.jpg 2048w, https:\/\/www.sohorse.eu\/wp-content\/uploads\/2026\/09\/Mallevaey-4-18x12.jpg 18w, https:\/\/www.sohorse.eu\/wp-content\/uploads\/2026\/09\/Mallevaey-4-1320x880.jpg 1320w\" data-sizes=\"(max-width: 2280px) 100vw, 2280px\" src=\"data:image\/svg+xml;base64,PHN2ZyB3aWR0aD0iMSIgaGVpZ2h0PSIxIiB4bWxucz0iaHR0cDovL3d3dy53My5vcmcvMjAwMC9zdmciPjwvc3ZnPg==\" style=\"--smush-placeholder-width: 2280px; --smush-placeholder-aspect-ratio: 2280\/1520;\" \/><\/figure>\n\n\n\n<p class=\"wp-block-paragraph\"><\/p>\n\n\n\n<p class=\"wp-block-paragraph\">Plus loin,\u00a0<strong>Daniel Bluman<\/strong>, sixi\u00e8me le mois dernier, tombe au\u00a013e rang. <strong>Christian Kukuk<\/strong>, dixi\u00e8me le mois dernier, chute quant \u00e0 lui au 20e rang. Et c\u00f4t\u00e9 belge, la facture est un peu plus sal\u00e9e :\u00a0<strong>Gilles Thomas<\/strong>, encore septi\u00e8me en ao\u00fbt, recule jusqu\u2019\u00e0 la\u00a0<strong>16e place<\/strong>\u00a0et quitte donc le Top 15.\u00a0L&rsquo;effet blessure d&rsquo;Ermitage Kalone se fait bien ressentir. Il reste le premier cavalier belge, mais commence \u00e0 sentir le souffle du vice-champion du monde, Thibeau Spits, dans son cou avec une remont\u00e9e d la 40\u00e8me \u00e0 la 19 place. <\/p>\n\n\n\n<p class=\"wp-block-paragraph\"><\/p>\n\n\n\n<figure class=\"wp-block-image size-large\"><img decoding=\"async\" width=\"2280\" height=\"1520\" data-src=\"https:\/\/www.sohorse.eu\/wp-content\/uploads\/2026\/09\/Spits-Impress-3-2280x1520.jpg\" alt=\"\" class=\"wp-image-51954 lazyload\" data-srcset=\"https:\/\/www.sohorse.eu\/wp-content\/uploads\/2026\/09\/Spits-Impress-3-2280x1520.jpg 2280w, https:\/\/www.sohorse.eu\/wp-content\/uploads\/2026\/09\/Spits-Impress-3-1140x760.jpg 1140w, https:\/\/www.sohorse.eu\/wp-content\/uploads\/2026\/09\/Spits-Impress-3-768x512.jpg 768w, https:\/\/www.sohorse.eu\/wp-content\/uploads\/2026\/09\/Spits-Impress-3-1536x1024.jpg 1536w, https:\/\/www.sohorse.eu\/wp-content\/uploads\/2026\/09\/Spits-Impress-3-2048x1366.jpg 2048w, https:\/\/www.sohorse.eu\/wp-content\/uploads\/2026\/09\/Spits-Impress-3-18x12.jpg 18w, https:\/\/www.sohorse.eu\/wp-content\/uploads\/2026\/09\/Spits-Impress-3-1320x880.jpg 1320w\" data-sizes=\"(max-width: 2280px) 100vw, 2280px\" src=\"data:image\/svg+xml;base64,PHN2ZyB3aWR0aD0iMSIgaGVpZ2h0PSIxIiB4bWxucz0iaHR0cDovL3d3dy53My5vcmcvMjAwMC9zdmciPjwvc3ZnPg==\" style=\"--smush-placeholder-width: 2280px; --smush-placeholder-aspect-ratio: 2280\/1520;\" \/><\/figure>\n\n\n\n<p class=\"wp-block-paragraph\"><\/p>\n\n\n\n<p class=\"wp-block-paragraph\">Bref, Aix-la-Chapelle est termin\u00e9, mais les secousses continuent. Et tout en haut, pour la premi\u00e8re fois, le panneau affiche d\u00e9sormais :\u00a0Richard Vogel, num\u00e9ro un mondial.<\/p>\n\n\n\n<p class=\"wp-block-paragraph\">Retrouvez le nouveau classement mondial de septembre en jumping <a href=\"https:\/\/data.fei.org\/Ranking\/Search.aspx?rankingCode=S_WR\">here<\/a><\/p>","protected":false},"excerpt":{"rendered":"<p>\u00c0 29 ans, Richard Vogel vient de franchir une nouvelle barre. L\u2019Allemand s\u2019installe pour la premi\u00e8re fois de sa carri\u00e8re sur le tr\u00f4ne du saut d\u2019obstacles mondial, devant Kent Farrington. Derri\u00e8re lui, les Mondiaux d\u2019Aix-la-Chapelle ont fait quelques d\u00e9g\u00e2ts : Steve Guerdat s\u2019envole, Piergiorgio Bucci et Daniel Deusser d\u00e9boulent dans le Top 10, tandis que [&hellip;]<\/p>\n","protected":false},"author":2,"featured_media":51956,"comment_status":"closed","ping_status":"closed","sticky":false,"template":"","format":"standard","meta":{"_acf_changed":false,"footnotes":""},"categories":[1],"tags":[1070,243],"class_list":["post-51946","post","type-post","status-publish","format-standard","has-post-thumbnail","hentry","category-news","tag-fei-jumping-ranking","tag-richard-vogel"],"acf":[],"yoast_head":"<!-- This site is optimized with the Yoast SEO plugin v28.4 - https:\/\/yoast.com\/product\/yoast-seo-wordpress\/ -->\n<title>Richard Vogel, nouveau patron d\u2019un classement mondial pass\u00e9 au shaker &#8212; So Horse<\/title>\n<meta name=\"description\" content=\"Richard Vogel devient pour la premi\u00e8re fois num\u00e9ro un mondial de saut d\u2019obstacles. Guerdat, Bucci et Deusser signent les grosses remont\u00e9es du classement.\" \/>\n<meta name=\"robots\" content=\"index, follow, max-snippet:-1, max-image-preview:large, max-video-preview:-1\" \/>\n<link rel=\"canonical\" href=\"https:\/\/www.sohorse.eu\/en\/news\/2026\/09\/03\/richard-vogel-numero-un-mondial-saut-obstacles\/\" \/>\n<meta property=\"og:locale\" content=\"en_GB\" \/>\n<meta property=\"og:type\" content=\"article\" \/>\n<meta property=\"og:title\" content=\"Richard Vogel, nouveau patron d\u2019un classement mondial pass\u00e9 au shaker &#8212; So Horse\" \/>\n<meta property=\"og:description\" content=\"Richard Vogel devient pour la premi\u00e8re fois num\u00e9ro un mondial de saut d\u2019obstacles. Guerdat, Bucci et Deusser signent les grosses remont\u00e9es du classement.\" \/>\n<meta property=\"og:url\" content=\"https:\/\/www.sohorse.eu\/en\/news\/2026\/09\/03\/richard-vogel-numero-un-mondial-saut-obstacles\/\" \/>\n<meta property=\"og:site_name\" content=\"So Horse\" \/>\n<meta property=\"article:publisher\" content=\"https:\/\/www.facebook.com\/sohorse.official\" \/>\n<meta property=\"article:published_time\" content=\"2026-09-03T19:19:06+00:00\" \/>\n<meta property=\"article:modified_time\" content=\"2026-09-03T19:19:08+00:00\" \/>\n<meta property=\"og:image\" content=\"https:\/\/www.sohorse.eu\/wp-content\/uploads\/2026\/09\/cover-So-Horse.jpg\" \/>\n\t<meta property=\"og:image:width\" content=\"1000\" \/>\n\t<meta property=\"og:image:height\" content=\"597\" \/>\n\t<meta property=\"og:image:type\" content=\"image\/jpeg\" \/>\n<meta name=\"author\" content=\"S\u00e9bastien Boulanger\" \/>\n<meta name=\"twitter:card\" content=\"summary_large_image\" \/>\n<meta name=\"twitter:label1\" content=\"Written by\" \/>\n\t<meta name=\"twitter:data1\" content=\"S\u00e9bastien Boulanger\" \/>\n\t<meta name=\"twitter:label2\" content=\"Estimated reading time\" \/>\n\t<meta name=\"twitter:data2\" content=\"4 minutes\" \/>\n<script type=\"application\/ld+json\" class=\"yoast-schema-graph\">{\"@context\":\"https:\\\/\\\/schema.org\",\"@graph\":[{\"@type\":\"Article\",\"@id\":\"https:\\\/\\\/www.sohorse.eu\\\/news\\\/2026\\\/09\\\/03\\\/richard-vogel-numero-un-mondial-saut-obstacles\\\/#article\",\"isPartOf\":{\"@id\":\"https:\\\/\\\/www.sohorse.eu\\\/news\\\/2026\\\/09\\\/03\\\/richard-vogel-numero-un-mondial-saut-obstacles\\\/\"},\"author\":{\"name\":\"S\u00e9bastien Boulanger\",\"@id\":\"https:\\\/\\\/www.sohorse.eu\\\/#\\\/schema\\\/person\\\/8ec889a1dca0caa9c3fc409225ae3ca4\"},\"headline\":\"Richard Vogel, nouveau patron d\u2019un classement mondial pass\u00e9 au shaker\",\"datePublished\":\"2026-09-03T19:19:06+00:00\",\"dateModified\":\"2026-09-03T19:19:08+00:00\",\"mainEntityOfPage\":{\"@id\":\"https:\\\/\\\/www.sohorse.eu\\\/news\\\/2026\\\/09\\\/03\\\/richard-vogel-numero-un-mondial-saut-obstacles\\\/\"},\"wordCount\":504,\"publisher\":{\"@id\":\"https:\\\/\\\/www.sohorse.eu\\\/#organization\"},\"image\":{\"@id\":\"https:\\\/\\\/www.sohorse.eu\\\/news\\\/2026\\\/09\\\/03\\\/richard-vogel-numero-un-mondial-saut-obstacles\\\/#primaryimage\"},\"thumbnailUrl\":\"https:\\\/\\\/www.sohorse.eu\\\/wp-content\\\/uploads\\\/2026\\\/09\\\/cover-So-Horse.jpg\",\"keywords\":[\"FEI jumping ranking\",\"Richard Vogel\"],\"articleSection\":[\"News\"],\"inLanguage\":\"en-GB\"},{\"@type\":\"WebPage\",\"@id\":\"https:\\\/\\\/www.sohorse.eu\\\/news\\\/2026\\\/09\\\/03\\\/richard-vogel-numero-un-mondial-saut-obstacles\\\/\",\"url\":\"https:\\\/\\\/www.sohorse.eu\\\/news\\\/2026\\\/09\\\/03\\\/richard-vogel-numero-un-mondial-saut-obstacles\\\/\",\"name\":\"Richard Vogel, nouveau patron d\u2019un classement mondial pass\u00e9 au shaker &#8212; So Horse\",\"isPartOf\":{\"@id\":\"https:\\\/\\\/www.sohorse.eu\\\/#website\"},\"primaryImageOfPage\":{\"@id\":\"https:\\\/\\\/www.sohorse.eu\\\/news\\\/2026\\\/09\\\/03\\\/richard-vogel-numero-un-mondial-saut-obstacles\\\/#primaryimage\"},\"image\":{\"@id\":\"https:\\\/\\\/www.sohorse.eu\\\/news\\\/2026\\\/09\\\/03\\\/richard-vogel-numero-un-mondial-saut-obstacles\\\/#primaryimage\"},\"thumbnailUrl\":\"https:\\\/\\\/www.sohorse.eu\\\/wp-content\\\/uploads\\\/2026\\\/09\\\/cover-So-Horse.jpg\",\"datePublished\":\"2026-09-03T19:19:06+00:00\",\"dateModified\":\"2026-09-03T19:19:08+00:00\",\"description\":\"Richard Vogel devient pour la premi\u00e8re fois num\u00e9ro un mondial de saut d\u2019obstacles. Guerdat, Bucci et Deusser signent les grosses remont\u00e9es du classement.\",\"breadcrumb\":{\"@id\":\"https:\\\/\\\/www.sohorse.eu\\\/news\\\/2026\\\/09\\\/03\\\/richard-vogel-numero-un-mondial-saut-obstacles\\\/#breadcrumb\"},\"inLanguage\":\"en-GB\",\"potentialAction\":[{\"@type\":\"ReadAction\",\"target\":[\"https:\\\/\\\/www.sohorse.eu\\\/news\\\/2026\\\/09\\\/03\\\/richard-vogel-numero-un-mondial-saut-obstacles\\\/\"]}]},{\"@type\":\"ImageObject\",\"inLanguage\":\"en-GB\",\"@id\":\"https:\\\/\\\/www.sohorse.eu\\\/news\\\/2026\\\/09\\\/03\\\/richard-vogel-numero-un-mondial-saut-obstacles\\\/#primaryimage\",\"url\":\"https:\\\/\\\/www.sohorse.eu\\\/wp-content\\\/uploads\\\/2026\\\/09\\\/cover-So-Horse.jpg\",\"contentUrl\":\"https:\\\/\\\/www.sohorse.eu\\\/wp-content\\\/uploads\\\/2026\\\/09\\\/cover-So-Horse.jpg\",\"width\":1000,\"height\":597,\"caption\":\"Richard Vogel BSM\"},{\"@type\":\"BreadcrumbList\",\"@id\":\"https:\\\/\\\/www.sohorse.eu\\\/news\\\/2026\\\/09\\\/03\\\/richard-vogel-numero-un-mondial-saut-obstacles\\\/#breadcrumb\",\"itemListElement\":[{\"@type\":\"ListItem\",\"position\":1,\"name\":\"So Horse\",\"item\":\"https:\\\/\\\/www.sohorse.eu\\\/\"},{\"@type\":\"ListItem\",\"position\":2,\"name\":\"News\",\"item\":\"https:\\\/\\\/www.sohorse.eu\\\/categorie\\\/news\\\/\"},{\"@type\":\"ListItem\",\"position\":3,\"name\":\"Richard Vogel, nouveau patron d\u2019un classement mondial pass\u00e9 au shaker\"}]},{\"@type\":\"WebSite\",\"@id\":\"https:\\\/\\\/www.sohorse.eu\\\/#website\",\"url\":\"https:\\\/\\\/www.sohorse.eu\\\/\",\"name\":\"So Horse\",\"description\":\"L\u2019actu sur les chevaux autrement. \",\"publisher\":{\"@id\":\"https:\\\/\\\/www.sohorse.eu\\\/#organization\"},\"potentialAction\":[{\"@type\":\"SearchAction\",\"target\":{\"@type\":\"EntryPoint\",\"urlTemplate\":\"https:\\\/\\\/www.sohorse.eu\\\/?s={search_term_string}\"},\"query-input\":{\"@type\":\"PropertyValueSpecification\",\"valueRequired\":true,\"valueName\":\"search_term_string\"}}],\"inLanguage\":\"en-GB\"},{\"@type\":\"Organization\",\"@id\":\"https:\\\/\\\/www.sohorse.eu\\\/#organization\",\"name\":\"So Horse\",\"url\":\"https:\\\/\\\/www.sohorse.eu\\\/\",\"logo\":{\"@type\":\"ImageObject\",\"inLanguage\":\"en-GB\",\"@id\":\"https:\\\/\\\/www.sohorse.eu\\\/#\\\/schema\\\/logo\\\/image\\\/\",\"url\":\"https:\\\/\\\/www.sohorse.eu\\\/wp-content\\\/uploads\\\/2024\\\/03\\\/logog.png\",\"contentUrl\":\"https:\\\/\\\/www.sohorse.eu\\\/wp-content\\\/uploads\\\/2024\\\/03\\\/logog.png\",\"width\":296,\"height\":146,\"caption\":\"So Horse\"},\"image\":{\"@id\":\"https:\\\/\\\/www.sohorse.eu\\\/#\\\/schema\\\/logo\\\/image\\\/\"},\"sameAs\":[\"https:\\\/\\\/www.facebook.com\\\/sohorse.official\"]},{\"@type\":\"Person\",\"@id\":\"https:\\\/\\\/www.sohorse.eu\\\/#\\\/schema\\\/person\\\/8ec889a1dca0caa9c3fc409225ae3ca4\",\"name\":\"S\u00e9bastien Boulanger\",\"image\":{\"@type\":\"ImageObject\",\"inLanguage\":\"en-GB\",\"@id\":\"https:\\\/\\\/secure.gravatar.com\\\/avatar\\\/958b7300960313a7bf10ee053221a7a94b9056219a3a03458f5a0db80e1e25e3?s=96&d=mm&r=g\",\"url\":\"https:\\\/\\\/secure.gravatar.com\\\/avatar\\\/958b7300960313a7bf10ee053221a7a94b9056219a3a03458f5a0db80e1e25e3?s=96&d=mm&r=g\",\"contentUrl\":\"https:\\\/\\\/secure.gravatar.com\\\/avatar\\\/958b7300960313a7bf10ee053221a7a94b9056219a3a03458f5a0db80e1e25e3?s=96&d=mm&r=g\",\"caption\":\"S\u00e9bastien Boulanger\"},\"url\":\"https:\\\/\\\/www.sohorse.eu\\\/en\\\/author\\\/seb\\\/\"}]}<\/script>\n<!-- \/ Yoast SEO plugin. -->","yoast_head_json":{"title":"Richard Vogel, nouveau patron d\u2019un classement mondial pass\u00e9 au shaker &#8212; So Horse","description":"Richard Vogel devient pour la premi\u00e8re fois num\u00e9ro un mondial de saut d\u2019obstacles. Guerdat, Bucci et Deusser signent les grosses remont\u00e9es du classement.","robots":{"index":"index","follow":"follow","max-snippet":"max-snippet:-1","max-image-preview":"max-image-preview:large","max-video-preview":"max-video-preview:-1"},"canonical":"https:\/\/www.sohorse.eu\/en\/news\/2026\/09\/03\/richard-vogel-numero-un-mondial-saut-obstacles\/","og_locale":"en_GB","og_type":"article","og_title":"Richard Vogel, nouveau patron d\u2019un classement mondial pass\u00e9 au shaker &#8212; So Horse","og_description":"Richard Vogel devient pour la premi\u00e8re fois num\u00e9ro un mondial de saut d\u2019obstacles. Guerdat, Bucci et Deusser signent les grosses remont\u00e9es du classement.","og_url":"https:\/\/www.sohorse.eu\/en\/news\/2026\/09\/03\/richard-vogel-numero-un-mondial-saut-obstacles\/","og_site_name":"So Horse","article_publisher":"https:\/\/www.facebook.com\/sohorse.official","article_published_time":"2026-09-03T19:19:06+00:00","article_modified_time":"2026-09-03T19:19:08+00:00","og_image":[{"width":1000,"height":597,"url":"https:\/\/www.sohorse.eu\/wp-content\/uploads\/2026\/09\/cover-So-Horse.jpg","type":"image\/jpeg"}],"author":"S\u00e9bastien Boulanger","twitter_card":"summary_large_image","twitter_misc":{"Written by":"S\u00e9bastien Boulanger","Estimated reading time":"4 minutes"},"schema":{"@context":"https:\/\/schema.org","@graph":[{"@type":"Article","@id":"https:\/\/www.sohorse.eu\/news\/2026\/09\/03\/richard-vogel-numero-un-mondial-saut-obstacles\/#article","isPartOf":{"@id":"https:\/\/www.sohorse.eu\/news\/2026\/09\/03\/richard-vogel-numero-un-mondial-saut-obstacles\/"},"author":{"name":"S\u00e9bastien Boulanger","@id":"https:\/\/www.sohorse.eu\/#\/schema\/person\/8ec889a1dca0caa9c3fc409225ae3ca4"},"headline":"Richard Vogel, nouveau patron d\u2019un classement mondial pass\u00e9 au shaker","datePublished":"2026-09-03T19:19:06+00:00","dateModified":"2026-09-03T19:19:08+00:00","mainEntityOfPage":{"@id":"https:\/\/www.sohorse.eu\/news\/2026\/09\/03\/richard-vogel-numero-un-mondial-saut-obstacles\/"},"wordCount":504,"publisher":{"@id":"https:\/\/www.sohorse.eu\/#organization"},"image":{"@id":"https:\/\/www.sohorse.eu\/news\/2026\/09\/03\/richard-vogel-numero-un-mondial-saut-obstacles\/#primaryimage"},"thumbnailUrl":"https:\/\/www.sohorse.eu\/wp-content\/uploads\/2026\/09\/cover-So-Horse.jpg","keywords":["FEI jumping ranking","Richard Vogel"],"articleSection":["News"],"inLanguage":"en-GB"},{"@type":"WebPage","@id":"https:\/\/www.sohorse.eu\/news\/2026\/09\/03\/richard-vogel-numero-un-mondial-saut-obstacles\/","url":"https:\/\/www.sohorse.eu\/news\/2026\/09\/03\/richard-vogel-numero-un-mondial-saut-obstacles\/","name":"Richard Vogel, nouveau patron d\u2019un classement mondial pass\u00e9 au shaker &#8212; So Horse","isPartOf":{"@id":"https:\/\/www.sohorse.eu\/#website"},"primaryImageOfPage":{"@id":"https:\/\/www.sohorse.eu\/news\/2026\/09\/03\/richard-vogel-numero-un-mondial-saut-obstacles\/#primaryimage"},"image":{"@id":"https:\/\/www.sohorse.eu\/news\/2026\/09\/03\/richard-vogel-numero-un-mondial-saut-obstacles\/#primaryimage"},"thumbnailUrl":"https:\/\/www.sohorse.eu\/wp-content\/uploads\/2026\/09\/cover-So-Horse.jpg","datePublished":"2026-09-03T19:19:06+00:00","dateModified":"2026-09-03T19:19:08+00:00","description":"Richard Vogel devient pour la premi\u00e8re fois num\u00e9ro un mondial de saut d\u2019obstacles. Guerdat, Bucci et Deusser signent les grosses remont\u00e9es du classement.","breadcrumb":{"@id":"https:\/\/www.sohorse.eu\/news\/2026\/09\/03\/richard-vogel-numero-un-mondial-saut-obstacles\/#breadcrumb"},"inLanguage":"en-GB","potentialAction":[{"@type":"ReadAction","target":["https:\/\/www.sohorse.eu\/news\/2026\/09\/03\/richard-vogel-numero-un-mondial-saut-obstacles\/"]}]},{"@type":"ImageObject","inLanguage":"en-GB","@id":"https:\/\/www.sohorse.eu\/news\/2026\/09\/03\/richard-vogel-numero-un-mondial-saut-obstacles\/#primaryimage","url":"https:\/\/www.sohorse.eu\/wp-content\/uploads\/2026\/09\/cover-So-Horse.jpg","contentUrl":"https:\/\/www.sohorse.eu\/wp-content\/uploads\/2026\/09\/cover-So-Horse.jpg","width":1000,"height":597,"caption":"Richard Vogel BSM"},{"@type":"BreadcrumbList","@id":"https:\/\/www.sohorse.eu\/news\/2026\/09\/03\/richard-vogel-numero-un-mondial-saut-obstacles\/#breadcrumb","itemListElement":[{"@type":"ListItem","position":1,"name":"So Horse","item":"https:\/\/www.sohorse.eu\/"},{"@type":"ListItem","position":2,"name":"News","item":"https:\/\/www.sohorse.eu\/categorie\/news\/"},{"@type":"ListItem","position":3,"name":"Richard Vogel, nouveau patron d\u2019un classement mondial pass\u00e9 au shaker"}]},{"@type":"WebSite","@id":"https:\/\/www.sohorse.eu\/#website","url":"https:\/\/www.sohorse.eu\/","name":"So Horse","description":"L\u2019actu sur les chevaux autrement.","publisher":{"@id":"https:\/\/www.sohorse.eu\/#organization"},"potentialAction":[{"@type":"SearchAction","target":{"@type":"EntryPoint","urlTemplate":"https:\/\/www.sohorse.eu\/?s={search_term_string}"},"query-input":{"@type":"PropertyValueSpecification","valueRequired":true,"valueName":"search_term_string"}}],"inLanguage":"en-GB"},{"@type":"Organization","@id":"https:\/\/www.sohorse.eu\/#organization","name":"So Horse","url":"https:\/\/www.sohorse.eu\/","logo":{"@type":"ImageObject","inLanguage":"en-GB","@id":"https:\/\/www.sohorse.eu\/#\/schema\/logo\/image\/","url":"https:\/\/www.sohorse.eu\/wp-content\/uploads\/2024\/03\/logog.png","contentUrl":"https:\/\/www.sohorse.eu\/wp-content\/uploads\/2024\/03\/logog.png","width":296,"height":146,"caption":"So Horse"},"image":{"@id":"https:\/\/www.sohorse.eu\/#\/schema\/logo\/image\/"},"sameAs":["https:\/\/www.facebook.com\/sohorse.official"]},{"@type":"Person","@id":"https:\/\/www.sohorse.eu\/#\/schema\/person\/8ec889a1dca0caa9c3fc409225ae3ca4","name":"S\u00e9bastien Boulanger","image":{"@type":"ImageObject","inLanguage":"en-GB","@id":"https:\/\/secure.gravatar.com\/avatar\/958b7300960313a7bf10ee053221a7a94b9056219a3a03458f5a0db80e1e25e3?s=96&d=mm&r=g","url":"https:\/\/secure.gravatar.com\/avatar\/958b7300960313a7bf10ee053221a7a94b9056219a3a03458f5a0db80e1e25e3?s=96&d=mm&r=g","contentUrl":"https:\/\/secure.gravatar.com\/avatar\/958b7300960313a7bf10ee053221a7a94b9056219a3a03458f5a0db80e1e25e3?s=96&d=mm&r=g","caption":"S\u00e9bastien Boulanger"},"url":"https:\/\/www.sohorse.eu\/en\/author\/seb\/"}]}},"_links":{"self":[{"href":"https:\/\/www.sohorse.eu\/en\/wp-json\/wp\/v2\/posts\/51946","targetHints":{"allow":["GET"]}}],"collection":[{"href":"https:\/\/www.sohorse.eu\/en\/wp-json\/wp\/v2\/posts"}],"about":[{"href":"https:\/\/www.sohorse.eu\/en\/wp-json\/wp\/v2\/types\/post"}],"author":[{"embeddable":true,"href":"https:\/\/www.sohorse.eu\/en\/wp-json\/wp\/v2\/users\/2"}],"replies":[{"embeddable":true,"href":"https:\/\/www.sohorse.eu\/en\/wp-json\/wp\/v2\/comments?post=51946"}],"version-history":[{"count":2,"href":"https:\/\/www.sohorse.eu\/en\/wp-json\/wp\/v2\/posts\/51946\/revisions"}],"predecessor-version":[{"id":51959,"href":"https:\/\/www.sohorse.eu\/en\/wp-json\/wp\/v2\/posts\/51946\/revisions\/51959"}],"wp:featuredmedia":[{"embeddable":true,"href":"https:\/\/www.sohorse.eu\/en\/wp-json\/wp\/v2\/media\/51956"}],"wp:attachment":[{"href":"https:\/\/www.sohorse.eu\/en\/wp-json\/wp\/v2\/media?parent=51946"}],"wp:term":[{"taxonomy":"category","embeddable":true,"href":"https:\/\/www.sohorse.eu\/en\/wp-json\/wp\/v2\/categories?post=51946"},{"taxonomy":"post_tag","embeddable":true,"href":"https:\/\/www.sohorse.eu\/en\/wp-json\/wp\/v2\/tags?post=51946"}],"curies":[{"name":"wp","href":"https:\/\/api.w.org\/{rel}","templated":true}]}}