{"id":51979,"date":"2026-09-06T19:57:07","date_gmt":"2026-09-06T17:57:07","guid":{"rendered":"https:\/\/www.sohorse.eu\/?p=51979"},"modified":"2026-09-06T19:57:09","modified_gmt":"2026-09-06T17:57:09","slug":"yuri-mansur-vitiki-victoire-gp-valkenswaard-2026","status":"publish","type":"post","link":"https:\/\/www.sohorse.eu\/en\/news\/2026\/09\/06\/yuri-mansur-vitiki-victoire-gp-valkenswaard-2026\/","title":{"rendered":"Il a manqu\u00e9 Aix-la-Chapelle, Yuri Mansur n\u2019a pas manqu\u00e9 Valkenswaard"},"content":{"rendered":"<p class=\"wp-block-paragraph\">Trois semaines apr\u00e8s avoir quitt\u00e9 la comp\u00e9tition \u00e0 Aix-la-Chapelle avant m\u00eame le d\u00e9but de ses Championnats du monde, Yuri Mansur avait visiblement encore quelques trucs \u00e0 \u00e9vacuer. \u00c0 Valkenswaard, le Br\u00e9silien a laiss\u00e9 parler <strong>Vitiki <\/strong>et le chronom\u00e8tre : 37\u2019\u201927, la victoire dans le Grand Prix 5\u00a0du Longines Global Champions Tour et, surtout, le premier succ\u00e8s du vieux guerrier dans un Grand Prix 5*. Pieter Devos et Annelies Vorsselmans compl\u00e8tent un podium tr\u00e8s belge. Mais ce dimanche, l\u2019histoire appartenait \u00e0 Mansur. Et peut-\u00eatre encore davantage \u00e0 Vitiki.<\/p>\n\n\n\n<p class=\"wp-block-paragraph\"><\/p>\n\n\n\n<p class=\"wp-block-paragraph\"><\/p>\n\n\n\n<figure class=\"wp-block-image size-large\"><img decoding=\"async\" width=\"2280\" height=\"1520\" data-src=\"https:\/\/www.sohorse.eu\/wp-content\/uploads\/2026\/09\/LGCT-Valkenswaard_prizegiving_Mansur-Yuri_Devos-Pieter_Vorsselmans-Annelies_LGCT-of-Valkenswaard_20260906_02SG0450-2280x1520.jpg\" alt=\"LGCT Valkenswaard Yuri Mansur\" class=\"wp-image-51982 lazyload\" data-srcset=\"https:\/\/www.sohorse.eu\/wp-content\/uploads\/2026\/09\/LGCT-Valkenswaard_prizegiving_Mansur-Yuri_Devos-Pieter_Vorsselmans-Annelies_LGCT-of-Valkenswaard_20260906_02SG0450-2280x1520.jpg 2280w, https:\/\/www.sohorse.eu\/wp-content\/uploads\/2026\/09\/LGCT-Valkenswaard_prizegiving_Mansur-Yuri_Devos-Pieter_Vorsselmans-Annelies_LGCT-of-Valkenswaard_20260906_02SG0450-1140x760.jpg 1140w, https:\/\/www.sohorse.eu\/wp-content\/uploads\/2026\/09\/LGCT-Valkenswaard_prizegiving_Mansur-Yuri_Devos-Pieter_Vorsselmans-Annelies_LGCT-of-Valkenswaard_20260906_02SG0450-768x512.jpg 768w, https:\/\/www.sohorse.eu\/wp-content\/uploads\/2026\/09\/LGCT-Valkenswaard_prizegiving_Mansur-Yuri_Devos-Pieter_Vorsselmans-Annelies_LGCT-of-Valkenswaard_20260906_02SG0450-1536x1024.jpg 1536w, https:\/\/www.sohorse.eu\/wp-content\/uploads\/2026\/09\/LGCT-Valkenswaard_prizegiving_Mansur-Yuri_Devos-Pieter_Vorsselmans-Annelies_LGCT-of-Valkenswaard_20260906_02SG0450-2048x1365.jpg 2048w, https:\/\/www.sohorse.eu\/wp-content\/uploads\/2026\/09\/LGCT-Valkenswaard_prizegiving_Mansur-Yuri_Devos-Pieter_Vorsselmans-Annelies_LGCT-of-Valkenswaard_20260906_02SG0450-18x12.jpg 18w, https:\/\/www.sohorse.eu\/wp-content\/uploads\/2026\/09\/LGCT-Valkenswaard_prizegiving_Mansur-Yuri_Devos-Pieter_Vorsselmans-Annelies_LGCT-of-Valkenswaard_20260906_02SG0450-1320x880.jpg 1320w\" data-sizes=\"(max-width: 2280px) 100vw, 2280px\" src=\"data:image\/svg+xml;base64,PHN2ZyB3aWR0aD0iMSIgaGVpZ2h0PSIxIiB4bWxucz0iaHR0cDovL3d3dy53My5vcmcvMjAwMC9zdmciPjwvc3ZnPg==\" style=\"--smush-placeholder-width: 2280px; --smush-placeholder-aspect-ratio: 2280\/1520;\" \/><\/figure>\n\n\n\n<p class=\"wp-block-paragraph\"><\/p>\n\n\n\n<h2 class=\"wp-block-heading\">Trois semaines plus tard, la r\u00e9ponse est sur la piste<\/h2>\n\n\n\n<p class=\"wp-block-paragraph\"><\/p>\n\n\n\n<p class=\"wp-block-paragraph\">Il a manqu\u00e9 Aix-la-Chapelle. Il n\u2019a pas manqu\u00e9 Valkenswaard.<\/p>\n\n\n\n<p class=\"wp-block-paragraph\">Il y a trois semaines, Yuri Mansur quittait les Championnats du monde avant m\u00eame d\u2019avoir franchi la premi\u00e8re ligne de d\u00e9part. Un diff\u00e9rend profond avec l\u2019encadrement br\u00e9silien, une d\u00e9cision radicale de ne plus repr\u00e9senter son pays en championnat ni en Coupe des nations, et QH Alfons Santo Antonio qui ne verrait finalement pas la piste mondiale.<\/p>\n\n\n\n<p class=\"wp-block-paragraph\">Ambiance.<\/p>\n\n\n\n<p class=\"wp-block-paragraph\">Ce dimanche, \u00e0 Valkenswaard, il n\u2019\u00e9tait plus question de s\u00e9lectionneur, de f\u00e9d\u00e9ration ou de politique sportive. Juste d\u2019un parcours, de huit barragistes et d\u2019un chronom\u00e8tre.<\/p>\n\n\n\n<p class=\"wp-block-paragraph\">Et dans ce registre-l\u00e0, Mansur avait manifestement beaucoup moins de choses \u00e0 discuter.<\/p>\n\n\n\n<p class=\"wp-block-paragraph\">With <strong>Vitiki<\/strong> (Valentino x For Expo), le Br\u00e9silien a remport\u00e9 le Grand Prix 5* du Longines Global Champions Tour en 37\u2019\u201927. <strong>Pieter Devos<\/strong> and <strong>Casual DV<\/strong> <strong>Z<\/strong> ont bien tent\u00e9 de lui reprendre l\u2019affaire. Ils ont \u00e9chou\u00e9 \u00e0 sept dixi\u00e8mes, en 37\u2019\u201997. <strong>Annelies Vorsselmans<\/strong> and <strong>Trezeguet<\/strong>, eux aussi doubles sans-faute, terminent troisi\u00e8mes en 38\u2019\u201985.<\/p>\n\n\n\n<p class=\"wp-block-paragraph\">Premier Grand Prix LGCT pour Mansur. Premier Grand Prix 5* pour Vitiki.<\/p>\n\n\n\n<p class=\"wp-block-paragraph\">\u00c0 18 ans.<\/p>\n\n\n\n<p class=\"wp-block-paragraph\"><\/p>\n\n\n\n<p class=\"wp-block-paragraph\"><\/p>\n\n\n\n<figure class=\"wp-block-image size-large\"><img decoding=\"async\" width=\"2280\" height=\"1712\" data-src=\"https:\/\/www.sohorse.eu\/wp-content\/uploads\/2026\/09\/Mansur-Yuri-BRA-Vitiki-CSI5_LGCT-of-Valkenswaard_20260906_STEG4277-2280x1712.jpg\" alt=\"LGCT Valkenswaard Yuri Mansur\" class=\"wp-image-51983 lazyload\" data-srcset=\"https:\/\/www.sohorse.eu\/wp-content\/uploads\/2026\/09\/Mansur-Yuri-BRA-Vitiki-CSI5_LGCT-of-Valkenswaard_20260906_STEG4277-2280x1712.jpg 2280w, https:\/\/www.sohorse.eu\/wp-content\/uploads\/2026\/09\/Mansur-Yuri-BRA-Vitiki-CSI5_LGCT-of-Valkenswaard_20260906_STEG4277-1140x856.jpg 1140w, https:\/\/www.sohorse.eu\/wp-content\/uploads\/2026\/09\/Mansur-Yuri-BRA-Vitiki-CSI5_LGCT-of-Valkenswaard_20260906_STEG4277-768x577.jpg 768w, https:\/\/www.sohorse.eu\/wp-content\/uploads\/2026\/09\/Mansur-Yuri-BRA-Vitiki-CSI5_LGCT-of-Valkenswaard_20260906_STEG4277-1536x1153.jpg 1536w, https:\/\/www.sohorse.eu\/wp-content\/uploads\/2026\/09\/Mansur-Yuri-BRA-Vitiki-CSI5_LGCT-of-Valkenswaard_20260906_STEG4277-2048x1538.jpg 2048w, https:\/\/www.sohorse.eu\/wp-content\/uploads\/2026\/09\/Mansur-Yuri-BRA-Vitiki-CSI5_LGCT-of-Valkenswaard_20260906_STEG4277-16x12.jpg 16w, https:\/\/www.sohorse.eu\/wp-content\/uploads\/2026\/09\/Mansur-Yuri-BRA-Vitiki-CSI5_LGCT-of-Valkenswaard_20260906_STEG4277-1320x991.jpg 1320w\" data-sizes=\"(max-width: 2280px) 100vw, 2280px\" src=\"data:image\/svg+xml;base64,PHN2ZyB3aWR0aD0iMSIgaGVpZ2h0PSIxIiB4bWxucz0iaHR0cDovL3d3dy53My5vcmcvMjAwMC9zdmciPjwvc3ZnPg==\" style=\"--smush-placeholder-width: 2280px; --smush-placeholder-aspect-ratio: 2280\/1712;\" \/><\/figure>\n\n\n\n<p class=\"wp-block-paragraph\"><\/p>\n\n\n\n<h2 class=\"wp-block-heading\">Huit au barrage, pas un centim\u00e8tre \u00e0 donner<\/h2>\n\n\n\n<p class=\"wp-block-paragraph\"><\/p>\n\n\n\n<p class=\"wp-block-paragraph\">Avant d\u2019en arriver l\u00e0, il avait fallu franchir un premier cap.<\/p>\n\n\n\n<p class=\"wp-block-paragraph\">Le premier parcours dessin\u00e9 \u00e0 la Longines Tops International Arena avait d\u00e9cid\u00e9 de ne faire aucun cadeau. <strong>Scott Brash<\/strong> and <strong>Hello Chadora Lady<\/strong> ? Quatre points. <strong>Harrie Smolders<\/strong> and <strong>Monaco<\/strong>, vainqueurs ici l\u2019an dernier ? Quatre points \u00e9galement, avec le temps le plus rapide des fautifs et une neuvi\u00e8me place qui ressemble forc\u00e9ment \u00e0 une petite torture.<\/p>\n\n\n\n<p class=\"wp-block-paragraph\"><strong>Abdel Sa\u00efd<\/strong>, leader du championnat, laisse lui aussi une barre au sol avec <strong>Whatnan Zasou vom Claashof<\/strong>. M\u00eame tarif pour <strong>Edwina Tops-Alexander<\/strong>. M\u00eame punition pour <strong>Maikel van der Vleuten <\/strong>and <strong>Beauville Z N.O.P<\/strong>.<\/p>\n\n\n\n<p class=\"wp-block-paragraph\">Bref, les noms tombaient. Et les barres avec.<\/p>\n\n\n\n<p class=\"wp-block-paragraph\">Ils ne sont finalement que huit \u00e0 trouver la sortie sans d\u00e9g\u00e2ts.<\/p>\n\n\n\n<p class=\"wp-block-paragraph\"><strong>Christian Ahlmann<\/strong> ouvre le barrage avec <strong>Untouched LB<\/strong> et pose imm\u00e9diatement les intentions : 38\u2019\u201974. Tr\u00e8s vite. Trop vite, m\u00eame, puisque le dernier obstacle tombe.<\/p>\n\n\n\n<p class=\"wp-block-paragraph\"><strong>Annelies Vorsselmans<\/strong> comprend le message. Avec <strong>Trezeguet<\/strong>, la Belge signe le premier double sans-faute : 38\u2019\u201985.<\/p>\n\n\n\n<p class=\"wp-block-paragraph\"><\/p>\n\n\n\n<figure class=\"wp-block-image size-large\"><img decoding=\"async\" width=\"2280\" height=\"1712\" data-src=\"https:\/\/www.sohorse.eu\/wp-content\/uploads\/2026\/09\/Vorsselmans-Annelies-BEL-Trezeguet-CSI5_LGCT-of-Valkenswaard_20260906_STEG2884-2280x1712.jpg\" alt=\"\" class=\"wp-image-51984 lazyload\" data-srcset=\"https:\/\/www.sohorse.eu\/wp-content\/uploads\/2026\/09\/Vorsselmans-Annelies-BEL-Trezeguet-CSI5_LGCT-of-Valkenswaard_20260906_STEG2884-2280x1712.jpg 2280w, https:\/\/www.sohorse.eu\/wp-content\/uploads\/2026\/09\/Vorsselmans-Annelies-BEL-Trezeguet-CSI5_LGCT-of-Valkenswaard_20260906_STEG2884-1140x856.jpg 1140w, https:\/\/www.sohorse.eu\/wp-content\/uploads\/2026\/09\/Vorsselmans-Annelies-BEL-Trezeguet-CSI5_LGCT-of-Valkenswaard_20260906_STEG2884-768x577.jpg 768w, https:\/\/www.sohorse.eu\/wp-content\/uploads\/2026\/09\/Vorsselmans-Annelies-BEL-Trezeguet-CSI5_LGCT-of-Valkenswaard_20260906_STEG2884-1536x1153.jpg 1536w, https:\/\/www.sohorse.eu\/wp-content\/uploads\/2026\/09\/Vorsselmans-Annelies-BEL-Trezeguet-CSI5_LGCT-of-Valkenswaard_20260906_STEG2884-2048x1537.jpg 2048w, https:\/\/www.sohorse.eu\/wp-content\/uploads\/2026\/09\/Vorsselmans-Annelies-BEL-Trezeguet-CSI5_LGCT-of-Valkenswaard_20260906_STEG2884-16x12.jpg 16w, https:\/\/www.sohorse.eu\/wp-content\/uploads\/2026\/09\/Vorsselmans-Annelies-BEL-Trezeguet-CSI5_LGCT-of-Valkenswaard_20260906_STEG2884-1320x991.jpg 1320w\" data-sizes=\"(max-width: 2280px) 100vw, 2280px\" src=\"data:image\/svg+xml;base64,PHN2ZyB3aWR0aD0iMSIgaGVpZ2h0PSIxIiB4bWxucz0iaHR0cDovL3d3dy53My5vcmcvMjAwMC9zdmciPjwvc3ZnPg==\" style=\"--smush-placeholder-width: 2280px; --smush-placeholder-aspect-ratio: 2280\/1712;\" \/><\/figure>\n\n\n\n<div class=\"wp-block-group is-nowrap is-layout-flex wp-container-core-group-is-layout-8f761849 wp-block-group-is-layout-flex\">\n<p class=\"wp-block-paragraph\"><\/p>\n\n\n\n<p class=\"wp-block-paragraph\"><\/p>\n<\/div>\n\n\n\n<p class=\"wp-block-paragraph\">Propre. Rapide. S\u00e9rieux.<\/p>\n\n\n\n<p class=\"wp-block-paragraph\">Puis arrive Yuri Mansur.<\/p>\n\n\n\n<p class=\"wp-block-paragraph\">Et l\u00e0, changement de programme.<\/p>\n\n\n\n<p class=\"wp-block-paragraph\"><\/p>\n\n\n\n<h2 class=\"wp-block-heading\">Vitiki, plein gaz<\/h2>\n\n\n\n<p class=\"wp-block-paragraph\"><\/p>\n\n\n\n<p class=\"wp-block-paragraph\">Pas de calcul.<\/p>\n\n\n\n<p class=\"wp-block-paragraph\">Mansur prend les virages, ouvre la foul\u00e9e et attaque comme si quelqu\u2019un avait oubli\u00e9 de lui expliquer qu\u2019une troisi\u00e8me place dans un Grand Prix 5* constituait d\u00e9j\u00e0 un dimanche parfaitement acceptable.<\/p>\n\n\n\n<p class=\"wp-block-paragraph\">Vitiki suit.<\/p>\n\n\n\n<p class=\"wp-block-paragraph\">Mieux : Vitiki joue.<\/p>\n\n\n\n<p class=\"wp-block-paragraph\">\u00c0 l\u2019abord du dernier, le Br\u00e9silien ne reprend pas son souffle, ne cherche pas l\u2019arrangement et ne n\u00e9gocie rien. Il avance.<\/p>\n\n\n\n<p class=\"wp-block-paragraph\">La barre reste.<\/p>\n\n\n\n<p class=\"wp-block-paragraph\">37\u2019\u201927.<\/p>\n\n\n\n<p class=\"wp-block-paragraph\"><\/p>\n\n\n\n<figure class=\"wp-block-image size-large\"><img decoding=\"async\" width=\"2280\" height=\"1520\" data-src=\"https:\/\/www.sohorse.eu\/wp-content\/uploads\/2026\/09\/Mansur-Yuri-BRA-Vitiki-CSI5_LGCT-of-Valkenswaard_20260906_02SG9496-2280x1520.jpg\" alt=\"LGCT Valkenswaard Yuri Mansur\" class=\"wp-image-51985 lazyload\" data-srcset=\"https:\/\/www.sohorse.eu\/wp-content\/uploads\/2026\/09\/Mansur-Yuri-BRA-Vitiki-CSI5_LGCT-of-Valkenswaard_20260906_02SG9496-2280x1520.jpg 2280w, https:\/\/www.sohorse.eu\/wp-content\/uploads\/2026\/09\/Mansur-Yuri-BRA-Vitiki-CSI5_LGCT-of-Valkenswaard_20260906_02SG9496-1140x760.jpg 1140w, https:\/\/www.sohorse.eu\/wp-content\/uploads\/2026\/09\/Mansur-Yuri-BRA-Vitiki-CSI5_LGCT-of-Valkenswaard_20260906_02SG9496-768x512.jpg 768w, https:\/\/www.sohorse.eu\/wp-content\/uploads\/2026\/09\/Mansur-Yuri-BRA-Vitiki-CSI5_LGCT-of-Valkenswaard_20260906_02SG9496-1536x1024.jpg 1536w, https:\/\/www.sohorse.eu\/wp-content\/uploads\/2026\/09\/Mansur-Yuri-BRA-Vitiki-CSI5_LGCT-of-Valkenswaard_20260906_02SG9496-2048x1365.jpg 2048w, https:\/\/www.sohorse.eu\/wp-content\/uploads\/2026\/09\/Mansur-Yuri-BRA-Vitiki-CSI5_LGCT-of-Valkenswaard_20260906_02SG9496-18x12.jpg 18w, https:\/\/www.sohorse.eu\/wp-content\/uploads\/2026\/09\/Mansur-Yuri-BRA-Vitiki-CSI5_LGCT-of-Valkenswaard_20260906_02SG9496-1320x880.jpg 1320w\" data-sizes=\"(max-width: 2280px) 100vw, 2280px\" src=\"data:image\/svg+xml;base64,PHN2ZyB3aWR0aD0iMSIgaGVpZ2h0PSIxIiB4bWxucz0iaHR0cDovL3d3dy53My5vcmcvMjAwMC9zdmciPjwvc3ZnPg==\" style=\"--smush-placeholder-width: 2280px; --smush-placeholder-aspect-ratio: 2280\/1520;\" \/><\/figure>\n\n\n\n<p class=\"wp-block-paragraph\"><\/p>\n\n\n\n<p class=\"wp-block-paragraph\">Plus d\u2019une seconde de mieux que le chrono d\u2019Ahlmann, mais surtout sans les quatre points qui vont avec.<\/p>\n\n\n\n<p class=\"wp-block-paragraph\">Le poing part en l\u2019air. Valkenswaard aussi.<\/p>\n\n\n\n<p class=\"wp-block-paragraph\">Next in, <strong>Emanuele Camilli <\/strong>and <strong>Chacco\u2019s Girlstar<\/strong> essaient, mais fautent. <strong>Denis Lynch <\/strong>and <strong>Cordial<\/strong> \u00e9galement. <strong>Olivier Philippaerts <\/strong>and <strong>Miro<\/strong> bouclent un tr\u00e8s bon double sans-faute en 39\u2019\u201932. <strong>Arne van Heel <\/strong>and <strong>Keaton HV<\/strong> font vibrer le public n\u00e9erlandais en 39\u2019\u201908.<\/p>\n\n\n\n<p class=\"wp-block-paragraph\">Il ne reste alors plus que Pieter Devos.<\/p>\n\n\n\n<p class=\"wp-block-paragraph\">Et lui n\u2019est clairement pas venu s\u00e9curiser la deuxi\u00e8me place.<\/p>\n\n\n\n<p class=\"wp-block-paragraph\"><\/p>\n\n\n\n<h2 class=\"wp-block-heading\">Devos passe pr\u00e8s, tr\u00e8s pr\u00e8s<\/h2>\n\n\n\n<p class=\"wp-block-paragraph\"><\/p>\n\n\n\n<p class=\"wp-block-paragraph\">Avec Casual DV Z, le produit maison qui vient de disputer les mondiaux, Pieter Devos joue le jeu jusqu\u2019au bout.<\/p>\n\n\n\n<p class=\"wp-block-paragraph\">Pied au plancher.<\/p>\n\n\n\n<p class=\"wp-block-paragraph\">Les virages passent. Les barres restent. Et lorsque le Belge franchit la cellule en 37\u2019\u201997, il faut regarder le tableau.<\/p>\n\n\n\n<p class=\"wp-block-paragraph\">Sept dixi\u00e8mes.<\/p>\n\n\n\n<p class=\"wp-block-paragraph\"><\/p>\n\n\n\n<figure class=\"wp-block-image size-large\"><img decoding=\"async\" width=\"2280\" height=\"1712\" data-src=\"https:\/\/www.sohorse.eu\/wp-content\/uploads\/2026\/09\/Devos-Pieter-BEL-Casual-DV-Z-CSI5_LGCT-of-Valkenswaard_20260906_STEG3949-2280x1712.jpg\" alt=\"LGCT Valkenswaard Pieter Devos\" class=\"wp-image-51986 lazyload\" data-srcset=\"https:\/\/www.sohorse.eu\/wp-content\/uploads\/2026\/09\/Devos-Pieter-BEL-Casual-DV-Z-CSI5_LGCT-of-Valkenswaard_20260906_STEG3949-2280x1712.jpg 2280w, https:\/\/www.sohorse.eu\/wp-content\/uploads\/2026\/09\/Devos-Pieter-BEL-Casual-DV-Z-CSI5_LGCT-of-Valkenswaard_20260906_STEG3949-1140x856.jpg 1140w, https:\/\/www.sohorse.eu\/wp-content\/uploads\/2026\/09\/Devos-Pieter-BEL-Casual-DV-Z-CSI5_LGCT-of-Valkenswaard_20260906_STEG3949-768x577.jpg 768w, https:\/\/www.sohorse.eu\/wp-content\/uploads\/2026\/09\/Devos-Pieter-BEL-Casual-DV-Z-CSI5_LGCT-of-Valkenswaard_20260906_STEG3949-1536x1153.jpg 1536w, https:\/\/www.sohorse.eu\/wp-content\/uploads\/2026\/09\/Devos-Pieter-BEL-Casual-DV-Z-CSI5_LGCT-of-Valkenswaard_20260906_STEG3949-2048x1538.jpg 2048w, https:\/\/www.sohorse.eu\/wp-content\/uploads\/2026\/09\/Devos-Pieter-BEL-Casual-DV-Z-CSI5_LGCT-of-Valkenswaard_20260906_STEG3949-16x12.jpg 16w, https:\/\/www.sohorse.eu\/wp-content\/uploads\/2026\/09\/Devos-Pieter-BEL-Casual-DV-Z-CSI5_LGCT-of-Valkenswaard_20260906_STEG3949-1320x991.jpg 1320w\" data-sizes=\"(max-width: 2280px) 100vw, 2280px\" src=\"data:image\/svg+xml;base64,PHN2ZyB3aWR0aD0iMSIgaGVpZ2h0PSIxIiB4bWxucz0iaHR0cDovL3d3dy53My5vcmcvMjAwMC9zdmciPjwvc3ZnPg==\" style=\"--smush-placeholder-width: 2280px; --smush-placeholder-aspect-ratio: 2280\/1712;\" \/><\/figure>\n\n\n\n<p class=\"wp-block-paragraph\"><\/p>\n\n\n\n<p class=\"wp-block-paragraph\">C\u2019est beaucoup quand on attend.<\/p>\n\n\n\n<p class=\"wp-block-paragraph\">C\u2019est absolument rien quand on vient de galoper \u00e0 cette vitesse.<\/p>\n\n\n\n<p class=\"wp-block-paragraph\">Mais c\u2019est suffisant.<\/p>\n\n\n\n<p class=\"wp-block-paragraph\">Yuri Mansur vient de gagner Valkenswaard.<\/p>\n\n\n\n<p class=\"wp-block-paragraph\">Devos pourra forc\u00e9ment nourrir un petit regret : il passe \u00e0 0\u2019\u201970 du ticket pour le LGCT Super Grand Prix. Mais il signe aussi son premier podium dans un Grand Prix du circuit avec Casual DV Z et confirme la progression du couple.<\/p>\n\n\n\n<p class=\"wp-block-paragraph\"><\/p>\n\n\n\n<figure class=\"wp-block-image size-large\"><img decoding=\"async\" width=\"2280\" height=\"1712\" data-src=\"https:\/\/www.sohorse.eu\/wp-content\/uploads\/2026\/09\/Devos-Pieter-BEL-Casual-DV-Z-CSI5_LGCT-of-Valkenswaard_20260906_STEG4467-2280x1712.jpg\" alt=\"LGCT Valkenswaard Pieter Devos\" class=\"wp-image-51987 lazyload\" data-srcset=\"https:\/\/www.sohorse.eu\/wp-content\/uploads\/2026\/09\/Devos-Pieter-BEL-Casual-DV-Z-CSI5_LGCT-of-Valkenswaard_20260906_STEG4467-2280x1712.jpg 2280w, https:\/\/www.sohorse.eu\/wp-content\/uploads\/2026\/09\/Devos-Pieter-BEL-Casual-DV-Z-CSI5_LGCT-of-Valkenswaard_20260906_STEG4467-1140x856.jpg 1140w, https:\/\/www.sohorse.eu\/wp-content\/uploads\/2026\/09\/Devos-Pieter-BEL-Casual-DV-Z-CSI5_LGCT-of-Valkenswaard_20260906_STEG4467-768x577.jpg 768w, https:\/\/www.sohorse.eu\/wp-content\/uploads\/2026\/09\/Devos-Pieter-BEL-Casual-DV-Z-CSI5_LGCT-of-Valkenswaard_20260906_STEG4467-1536x1153.jpg 1536w, https:\/\/www.sohorse.eu\/wp-content\/uploads\/2026\/09\/Devos-Pieter-BEL-Casual-DV-Z-CSI5_LGCT-of-Valkenswaard_20260906_STEG4467-2048x1538.jpg 2048w, https:\/\/www.sohorse.eu\/wp-content\/uploads\/2026\/09\/Devos-Pieter-BEL-Casual-DV-Z-CSI5_LGCT-of-Valkenswaard_20260906_STEG4467-16x12.jpg 16w, https:\/\/www.sohorse.eu\/wp-content\/uploads\/2026\/09\/Devos-Pieter-BEL-Casual-DV-Z-CSI5_LGCT-of-Valkenswaard_20260906_STEG4467-1320x991.jpg 1320w\" data-sizes=\"(max-width: 2280px) 100vw, 2280px\" src=\"data:image\/svg+xml;base64,PHN2ZyB3aWR0aD0iMSIgaGVpZ2h0PSIxIiB4bWxucz0iaHR0cDovL3d3dy53My5vcmcvMjAwMC9zdmciPjwvc3ZnPg==\" style=\"--smush-placeholder-width: 2280px; --smush-placeholder-aspect-ratio: 2280\/1712;\" \/><figcaption class=\"wp-element-caption\">LGCT of Valkenswaard \r &#8211; Valkenswaard, \r &#8211; 6 September 2026\r &#8211; ph.Stefano Grasso<\/figcaption><\/figure>\n\n\n\n<p class=\"wp-block-paragraph\"><\/p>\n\n\n\n<p class=\"wp-block-paragraph\">\u00ab <em>\u00c0 chaque barrage que nous disputons ensemble, j\u2019ai l\u2019impression que nous progressons <\/em>\u00bb, expliquait-il apr\u00e8s l\u2019\u00e9preuve, tout en reconnaissant sa d\u00e9ception d\u2019avoir manqu\u00e9 de si peu le pr\u00e9cieux ticket.<\/p>\n\n\n\n<p class=\"wp-block-paragraph\">Derri\u00e8re lui, Annelies Vorsselmans pouvait difficilement faire la fine bouche. Pour sa premi\u00e8re saison sur le Longines Global Champions Tour, la Belge place Trezeguet sur la troisi\u00e8me marche.<\/p>\n\n\n\n<p class=\"wp-block-paragraph\">\u00ab <em>Mon cheval m\u00e9ritait vraiment cela<\/em> \u00bb, confiait-elle \u00e0 GCTV, heureuse d\u2019avoir tenu son plan dans la premi\u00e8re manche avant d\u2019affronter la pression du barrage.<\/p>\n\n\n\n<p class=\"wp-block-paragraph\"><\/p>\n\n\n\n<figure class=\"wp-block-image size-large\"><img decoding=\"async\" width=\"2280\" height=\"1520\" data-src=\"https:\/\/www.sohorse.eu\/wp-content\/uploads\/2026\/09\/LGCT-Valkenswaard_prizegiving_Mansur-Yuri_Devos-Pieter_Vorsselmans-Annelies_LGCT-of-Valkenswaard_20260906_02SG0499-2280x1520.jpg\" alt=\"LGCT Valkenswaard Vorselmans\" class=\"wp-image-51988 lazyload\" data-srcset=\"https:\/\/www.sohorse.eu\/wp-content\/uploads\/2026\/09\/LGCT-Valkenswaard_prizegiving_Mansur-Yuri_Devos-Pieter_Vorsselmans-Annelies_LGCT-of-Valkenswaard_20260906_02SG0499-2280x1520.jpg 2280w, https:\/\/www.sohorse.eu\/wp-content\/uploads\/2026\/09\/LGCT-Valkenswaard_prizegiving_Mansur-Yuri_Devos-Pieter_Vorsselmans-Annelies_LGCT-of-Valkenswaard_20260906_02SG0499-1140x760.jpg 1140w, https:\/\/www.sohorse.eu\/wp-content\/uploads\/2026\/09\/LGCT-Valkenswaard_prizegiving_Mansur-Yuri_Devos-Pieter_Vorsselmans-Annelies_LGCT-of-Valkenswaard_20260906_02SG0499-768x512.jpg 768w, https:\/\/www.sohorse.eu\/wp-content\/uploads\/2026\/09\/LGCT-Valkenswaard_prizegiving_Mansur-Yuri_Devos-Pieter_Vorsselmans-Annelies_LGCT-of-Valkenswaard_20260906_02SG0499-1536x1024.jpg 1536w, https:\/\/www.sohorse.eu\/wp-content\/uploads\/2026\/09\/LGCT-Valkenswaard_prizegiving_Mansur-Yuri_Devos-Pieter_Vorsselmans-Annelies_LGCT-of-Valkenswaard_20260906_02SG0499-2048x1365.jpg 2048w, https:\/\/www.sohorse.eu\/wp-content\/uploads\/2026\/09\/LGCT-Valkenswaard_prizegiving_Mansur-Yuri_Devos-Pieter_Vorsselmans-Annelies_LGCT-of-Valkenswaard_20260906_02SG0499-18x12.jpg 18w, https:\/\/www.sohorse.eu\/wp-content\/uploads\/2026\/09\/LGCT-Valkenswaard_prizegiving_Mansur-Yuri_Devos-Pieter_Vorsselmans-Annelies_LGCT-of-Valkenswaard_20260906_02SG0499-1320x880.jpg 1320w\" data-sizes=\"(max-width: 2280px) 100vw, 2280px\" src=\"data:image\/svg+xml;base64,PHN2ZyB3aWR0aD0iMSIgaGVpZ2h0PSIxIiB4bWxucz0iaHR0cDovL3d3dy53My5vcmcvMjAwMC9zdmciPjwvc3ZnPg==\" style=\"--smush-placeholder-width: 2280px; --smush-placeholder-aspect-ratio: 2280\/1520;\" \/><\/figure>\n\n\n\n<p class=\"wp-block-paragraph\"><\/p>\n\n\n\n<p class=\"wp-block-paragraph\">Deux Belges sur le podium.<\/p>\n\n\n\n<p class=\"wp-block-paragraph\">Mais personne, ce dimanche, n\u2019allait voler la photo \u00e0 Mansur.<\/p>\n\n\n\n<p class=\"wp-block-paragraph\"><\/p>\n\n\n\n<h2 class=\"wp-block-heading\">Vitiki, \u00e9videmment<\/h2>\n\n\n\n<p class=\"wp-block-paragraph\"><\/p>\n\n\n\n<p class=\"wp-block-paragraph\">Parce qu\u2019il y a la victoire.<\/p>\n\n\n\n<p class=\"wp-block-paragraph\">Et puis il y a\u00a0ce\u00a0cheval.<\/p>\n\n\n\n<p class=\"wp-block-paragraph\">Vitiki n\u2019est pas seulement le partenaire pr\u00e9f\u00e9r\u00e9 de Yuri Mansur. Son histoire avec Aix-la-Chapelle suffit \u00e0 mesurer la port\u00e9e de ce qui s\u2019est pass\u00e9 \u00e0 Valkenswaard.<\/p>\n\n\n\n<p class=\"wp-block-paragraph\">En 2018, le Hanovrien avait \u00e9t\u00e9 victime d\u2019un terrible accident lors du CHIO d\u2019Aix-la-Chapelle, avec une grave blessure au paturon n\u00e9cessitant une op\u00e9ration. Le simple fait de le revoir ensuite au plus haut niveau avait d\u00e9j\u00e0 quelque chose d\u2019improbable.<\/p>\n\n\n\n<p class=\"wp-block-paragraph\">Huit ans plus tard, le voil\u00e0 vainqueur d\u2019un Grand Prix 5*.<\/p>\n\n\n\n<p class=\"wp-block-paragraph\">Enfin.<\/p>\n\n\n\n<p class=\"wp-block-paragraph\"><\/p>\n\n\n\n<figure class=\"wp-block-image size-large\"><img decoding=\"async\" width=\"2280\" height=\"1712\" data-src=\"https:\/\/www.sohorse.eu\/wp-content\/uploads\/2026\/09\/Mansur-Yuri-BRA-Vitiki-CSI5_LGCT-of-Valkenswaard_20260906_STEG3067-2280x1712.jpg\" alt=\"LGCT Valkenswaard Yuri Mansur\" class=\"wp-image-51989 lazyload\" data-srcset=\"https:\/\/www.sohorse.eu\/wp-content\/uploads\/2026\/09\/Mansur-Yuri-BRA-Vitiki-CSI5_LGCT-of-Valkenswaard_20260906_STEG3067-2280x1712.jpg 2280w, https:\/\/www.sohorse.eu\/wp-content\/uploads\/2026\/09\/Mansur-Yuri-BRA-Vitiki-CSI5_LGCT-of-Valkenswaard_20260906_STEG3067-1140x856.jpg 1140w, https:\/\/www.sohorse.eu\/wp-content\/uploads\/2026\/09\/Mansur-Yuri-BRA-Vitiki-CSI5_LGCT-of-Valkenswaard_20260906_STEG3067-768x577.jpg 768w, https:\/\/www.sohorse.eu\/wp-content\/uploads\/2026\/09\/Mansur-Yuri-BRA-Vitiki-CSI5_LGCT-of-Valkenswaard_20260906_STEG3067-1536x1153.jpg 1536w, https:\/\/www.sohorse.eu\/wp-content\/uploads\/2026\/09\/Mansur-Yuri-BRA-Vitiki-CSI5_LGCT-of-Valkenswaard_20260906_STEG3067-2048x1537.jpg 2048w, https:\/\/www.sohorse.eu\/wp-content\/uploads\/2026\/09\/Mansur-Yuri-BRA-Vitiki-CSI5_LGCT-of-Valkenswaard_20260906_STEG3067-16x12.jpg 16w, https:\/\/www.sohorse.eu\/wp-content\/uploads\/2026\/09\/Mansur-Yuri-BRA-Vitiki-CSI5_LGCT-of-Valkenswaard_20260906_STEG3067-1320x991.jpg 1320w\" data-sizes=\"(max-width: 2280px) 100vw, 2280px\" src=\"data:image\/svg+xml;base64,PHN2ZyB3aWR0aD0iMSIgaGVpZ2h0PSIxIiB4bWxucz0iaHR0cDovL3d3dy53My5vcmcvMjAwMC9zdmciPjwvc3ZnPg==\" style=\"--smush-placeholder-width: 2280px; --smush-placeholder-aspect-ratio: 2280\/1712;\" \/><\/figure>\n\n\n\n<p class=\"wp-block-paragraph\"><\/p>\n\n\n\n<p class=\"wp-block-paragraph\">\u00ab <em>Il a gagn\u00e9 tellement de Grands Prix 1,50 m et 1,55 m, mais nous n\u2019avions jamais r\u00e9ussi \u00e0 gagner un Grand Prix 5* <\/em>\u00bb, a rappel\u00e9 Mansur apr\u00e8s sa victoire.<\/p>\n\n\n\n<p class=\"wp-block-paragraph\">Le Br\u00e9silien ne cachait d\u2019ailleurs rien de son \u00e9motion.<\/p>\n\n\n\n<p class=\"wp-block-paragraph\">\u00ab<em> J\u2019ai eu tellement de bonnes occasions sans jamais parvenir \u00e0 conclure\u2026 enfin ! Et avec mon cheval pr\u00e9f\u00e9r\u00e9, c\u2019est encore plus sp\u00e9cial. <\/em>\u00bb<\/p>\n\n\n\n<p class=\"wp-block-paragraph\">Difficile de faire beaucoup mieux comme sc\u00e9nario.<\/p>\n\n\n\n<p class=\"wp-block-paragraph\">Vitiki avait d\u00e9j\u00e0 prouv\u00e9 qu\u2019il pouvait revenir. Dimanche, il a prouv\u00e9 qu\u2019il pouvait encore gagner.<\/p>\n\n\n\n<p class=\"wp-block-paragraph\"><\/p>\n\n\n\n<h2 class=\"wp-block-heading\">Aix derri\u00e8re lui, le Super Grand Prix devant<\/h2>\n\n\n\n<p class=\"wp-block-paragraph\"><\/p>\n\n\n\n<p class=\"wp-block-paragraph\">La victoire offre \u00e9galement \u00e0 Mansur son ticket pour le LGCT Super Grand Prix.<\/p>\n\n\n\n<p class=\"wp-block-paragraph\">L\u2019int\u00e9ress\u00e9 semblait d\u2019ailleurs avoir lui-m\u00eame quelques difficult\u00e9s \u00e0 r\u00e9aliser : \u00ab <em>Je n\u2019arrive pas \u00e0 croire que j\u2019ai le golden ticket pour le LGCT Super Grand Prix !<\/em> \u00bb<\/p>\n\n\n\n<p class=\"wp-block-paragraph\">Pendant ce temps, le championnat continue de se resserrer.<\/p>\n\n\n\n<p class=\"wp-block-paragraph\">Apr\u00e8s cette onzi\u00e8me \u00e9tape, Abdel Sa\u00efd conserve la t\u00eate avec\u00a0206 points, devant Christian Ahlmann (182), Edwina Tops-Alexander (181), Max K\u00fchner (170) et Scott Brash (167,5).<\/p>\n\n\n\n<p class=\"wp-block-paragraph\">La bataille pour le titre est donc loin d\u2019\u00eatre termin\u00e9e.<\/p>\n\n\n\n<p class=\"wp-block-paragraph\">Mais celle de Valkenswaard, elle, est r\u00e9gl\u00e9e.<\/p>\n\n\n\n<p class=\"wp-block-paragraph\"><\/p>\n\n\n\n<figure class=\"wp-block-image size-large\"><img decoding=\"async\" width=\"2280\" height=\"1520\" data-src=\"https:\/\/www.sohorse.eu\/wp-content\/uploads\/2026\/09\/LGCT-Valkenswaard_prizegiving_Mansur-Yuri_Devos-Pieter_Vorsselmans-Annelies_LGCT-of-Valkenswaard_20260906_02SG0416-2280x1520.jpg\" alt=\"LGCT Valkenswaard\" class=\"wp-image-51990 lazyload\" data-srcset=\"https:\/\/www.sohorse.eu\/wp-content\/uploads\/2026\/09\/LGCT-Valkenswaard_prizegiving_Mansur-Yuri_Devos-Pieter_Vorsselmans-Annelies_LGCT-of-Valkenswaard_20260906_02SG0416-2280x1520.jpg 2280w, https:\/\/www.sohorse.eu\/wp-content\/uploads\/2026\/09\/LGCT-Valkenswaard_prizegiving_Mansur-Yuri_Devos-Pieter_Vorsselmans-Annelies_LGCT-of-Valkenswaard_20260906_02SG0416-1140x760.jpg 1140w, https:\/\/www.sohorse.eu\/wp-content\/uploads\/2026\/09\/LGCT-Valkenswaard_prizegiving_Mansur-Yuri_Devos-Pieter_Vorsselmans-Annelies_LGCT-of-Valkenswaard_20260906_02SG0416-768x512.jpg 768w, https:\/\/www.sohorse.eu\/wp-content\/uploads\/2026\/09\/LGCT-Valkenswaard_prizegiving_Mansur-Yuri_Devos-Pieter_Vorsselmans-Annelies_LGCT-of-Valkenswaard_20260906_02SG0416-1536x1024.jpg 1536w, https:\/\/www.sohorse.eu\/wp-content\/uploads\/2026\/09\/LGCT-Valkenswaard_prizegiving_Mansur-Yuri_Devos-Pieter_Vorsselmans-Annelies_LGCT-of-Valkenswaard_20260906_02SG0416-2048x1365.jpg 2048w, https:\/\/www.sohorse.eu\/wp-content\/uploads\/2026\/09\/LGCT-Valkenswaard_prizegiving_Mansur-Yuri_Devos-Pieter_Vorsselmans-Annelies_LGCT-of-Valkenswaard_20260906_02SG0416-18x12.jpg 18w, https:\/\/www.sohorse.eu\/wp-content\/uploads\/2026\/09\/LGCT-Valkenswaard_prizegiving_Mansur-Yuri_Devos-Pieter_Vorsselmans-Annelies_LGCT-of-Valkenswaard_20260906_02SG0416-1320x880.jpg 1320w\" data-sizes=\"(max-width: 2280px) 100vw, 2280px\" src=\"data:image\/svg+xml;base64,PHN2ZyB3aWR0aD0iMSIgaGVpZ2h0PSIxIiB4bWxucz0iaHR0cDovL3d3dy53My5vcmcvMjAwMC9zdmciPjwvc3ZnPg==\" style=\"--smush-placeholder-width: 2280px; --smush-placeholder-aspect-ratio: 2280\/1520;\" \/><\/figure>\n\n\n\n<p class=\"wp-block-paragraph\"><\/p>\n\n\n\n<p class=\"wp-block-paragraph\">Trois semaines apr\u00e8s avoir quitt\u00e9 Aix-la-Chapelle sans disputer les Mondiaux, Yuri Mansur est remont\u00e9 sur une piste 5* avec un cheval qui, lui aussi, sait exactement ce que signifie revenir de loin.<\/p>\n\n\n\n<p class=\"wp-block-paragraph\">Cette fois, personne ne l\u2019a sorti de l\u2019\u00e9quipe.<\/p>\n\n\n\n<p class=\"wp-block-paragraph\">Personne ne lui a demand\u00e9 son avis.<\/p>\n\n\n\n<p class=\"wp-block-paragraph\">Il avait manqu\u00e9 Aix-la-Chapelle. Il n\u2019a pas manqu\u00e9 Valkenswaard.<\/p>\n\n\n\n<p class=\"wp-block-paragraph\"><\/p>\n\n\n\n<p class=\"wp-block-paragraph\">Retrouvez les r\u00e9sultats complets <a href=\"https:\/\/www.longinestiming.com\/equestrian\/2026\/longines-global-champions-tour-of-valkenswaard-valkenswaard\/resultlist_07.html\">here<\/a><\/p>\n\n\n\n<p class=\"wp-block-paragraph\"><\/p>\n\n\n\n<p class=\"wp-block-paragraph\">(Photos \u00a9LGCT\/ S. Grasso)<\/p>","protected":false},"excerpt":{"rendered":"<p>Trois semaines apr\u00e8s avoir quitt\u00e9 la comp\u00e9tition \u00e0 Aix-la-Chapelle avant m\u00eame le d\u00e9but de ses Championnats du monde, Yuri Mansur avait visiblement encore quelques trucs \u00e0 \u00e9vacuer. \u00c0 Valkenswaard, le Br\u00e9silien a laiss\u00e9 parler Vitiki et le chronom\u00e8tre : 37\u2019\u201927, la victoire dans le Grand Prix 5\u00a0du Longines Global Champions Tour et, surtout, le premier [&hellip;]<\/p>\n","protected":false},"author":2,"featured_media":51981,"comment_status":"closed","ping_status":"closed","sticky":false,"template":"","format":"standard","meta":{"_acf_changed":false,"footnotes":""},"categories":[1],"tags":[1257],"class_list":["post-51979","post","type-post","status-publish","format-standard","has-post-thumbnail","hentry","category-news","tag-lgct-yuri-mansur"],"acf":[],"yoast_head":"<!-- This site is optimized with the Yoast SEO plugin v28.4 - https:\/\/yoast.com\/product\/yoast-seo-wordpress\/ -->\n<title>Il a manqu\u00e9 Aix-la-Chapelle, Yuri Mansur n\u2019a pas manqu\u00e9 Valkenswaard &#8212; So Horse<\/title>\n<meta name=\"description\" content=\"Trois semaines apr\u00e8s son retrait des Mondiaux d\u2019Aix, Yuri Mansur et Vitiki remportent avec \u00e9motion le Grand Prix 5* LGCT de Valkenswaard.\" \/>\n<meta name=\"robots\" content=\"index, follow, max-snippet:-1, max-image-preview:large, max-video-preview:-1\" \/>\n<link rel=\"canonical\" href=\"https:\/\/www.sohorse.eu\/en\/news\/2026\/09\/06\/yuri-mansur-vitiki-victoire-gp-valkenswaard-2026\/\" \/>\n<meta property=\"og:locale\" content=\"en_GB\" \/>\n<meta property=\"og:type\" content=\"article\" \/>\n<meta property=\"og:title\" content=\"Il a manqu\u00e9 Aix-la-Chapelle, Yuri Mansur n\u2019a pas manqu\u00e9 Valkenswaard &#8212; So Horse\" \/>\n<meta property=\"og:description\" content=\"Trois semaines apr\u00e8s son retrait des Mondiaux d\u2019Aix, Yuri Mansur et Vitiki remportent avec \u00e9motion le Grand Prix 5* LGCT de Valkenswaard.\" \/>\n<meta property=\"og:url\" content=\"https:\/\/www.sohorse.eu\/en\/news\/2026\/09\/06\/yuri-mansur-vitiki-victoire-gp-valkenswaard-2026\/\" \/>\n<meta property=\"og:site_name\" content=\"So Horse\" \/>\n<meta property=\"article:publisher\" content=\"https:\/\/www.facebook.com\/sohorse.official\" \/>\n<meta property=\"article:published_time\" content=\"2026-09-06T17:57:07+00:00\" \/>\n<meta property=\"article:modified_time\" content=\"2026-09-06T17:57:09+00:00\" \/>\n<meta property=\"og:image\" content=\"https:\/\/www.sohorse.eu\/wp-content\/uploads\/2026\/09\/cover-So-Horse-2.png\" \/>\n\t<meta property=\"og:image:width\" content=\"1000\" \/>\n\t<meta property=\"og:image:height\" content=\"597\" \/>\n\t<meta property=\"og:image:type\" content=\"image\/png\" \/>\n<meta name=\"author\" content=\"S\u00e9bastien Boulanger\" \/>\n<meta name=\"twitter:card\" content=\"summary_large_image\" \/>\n<meta name=\"twitter:label1\" content=\"Written by\" \/>\n\t<meta name=\"twitter:data1\" content=\"S\u00e9bastien Boulanger\" \/>\n\t<meta name=\"twitter:label2\" content=\"Estimated reading time\" \/>\n\t<meta name=\"twitter:data2\" content=\"8 minutes\" \/>\n<script type=\"application\/ld+json\" class=\"yoast-schema-graph\">{\"@context\":\"https:\\\/\\\/schema.org\",\"@graph\":[{\"@type\":\"Article\",\"@id\":\"https:\\\/\\\/www.sohorse.eu\\\/news\\\/2026\\\/09\\\/06\\\/yuri-mansur-vitiki-victoire-gp-valkenswaard-2026\\\/#article\",\"isPartOf\":{\"@id\":\"https:\\\/\\\/www.sohorse.eu\\\/news\\\/2026\\\/09\\\/06\\\/yuri-mansur-vitiki-victoire-gp-valkenswaard-2026\\\/\"},\"author\":{\"name\":\"S\u00e9bastien Boulanger\",\"@id\":\"https:\\\/\\\/www.sohorse.eu\\\/#\\\/schema\\\/person\\\/8ec889a1dca0caa9c3fc409225ae3ca4\"},\"headline\":\"Il a manqu\u00e9 Aix-la-Chapelle, Yuri Mansur n\u2019a pas manqu\u00e9 Valkenswaard\",\"datePublished\":\"2026-09-06T17:57:07+00:00\",\"dateModified\":\"2026-09-06T17:57:09+00:00\",\"mainEntityOfPage\":{\"@id\":\"https:\\\/\\\/www.sohorse.eu\\\/news\\\/2026\\\/09\\\/06\\\/yuri-mansur-vitiki-victoire-gp-valkenswaard-2026\\\/\"},\"wordCount\":1256,\"publisher\":{\"@id\":\"https:\\\/\\\/www.sohorse.eu\\\/#organization\"},\"image\":{\"@id\":\"https:\\\/\\\/www.sohorse.eu\\\/news\\\/2026\\\/09\\\/06\\\/yuri-mansur-vitiki-victoire-gp-valkenswaard-2026\\\/#primaryimage\"},\"thumbnailUrl\":\"https:\\\/\\\/www.sohorse.eu\\\/wp-content\\\/uploads\\\/2026\\\/09\\\/cover-So-Horse-2.png\",\"keywords\":[\"LGCT; Yuri Mansur\"],\"articleSection\":[\"News\"],\"inLanguage\":\"en-GB\"},{\"@type\":\"WebPage\",\"@id\":\"https:\\\/\\\/www.sohorse.eu\\\/news\\\/2026\\\/09\\\/06\\\/yuri-mansur-vitiki-victoire-gp-valkenswaard-2026\\\/\",\"url\":\"https:\\\/\\\/www.sohorse.eu\\\/news\\\/2026\\\/09\\\/06\\\/yuri-mansur-vitiki-victoire-gp-valkenswaard-2026\\\/\",\"name\":\"Il a manqu\u00e9 Aix-la-Chapelle, Yuri Mansur n\u2019a pas manqu\u00e9 Valkenswaard &#8212; So Horse\",\"isPartOf\":{\"@id\":\"https:\\\/\\\/www.sohorse.eu\\\/#website\"},\"primaryImageOfPage\":{\"@id\":\"https:\\\/\\\/www.sohorse.eu\\\/news\\\/2026\\\/09\\\/06\\\/yuri-mansur-vitiki-victoire-gp-valkenswaard-2026\\\/#primaryimage\"},\"image\":{\"@id\":\"https:\\\/\\\/www.sohorse.eu\\\/news\\\/2026\\\/09\\\/06\\\/yuri-mansur-vitiki-victoire-gp-valkenswaard-2026\\\/#primaryimage\"},\"thumbnailUrl\":\"https:\\\/\\\/www.sohorse.eu\\\/wp-content\\\/uploads\\\/2026\\\/09\\\/cover-So-Horse-2.png\",\"datePublished\":\"2026-09-06T17:57:07+00:00\",\"dateModified\":\"2026-09-06T17:57:09+00:00\",\"description\":\"Trois semaines apr\u00e8s son retrait des Mondiaux d\u2019Aix, Yuri Mansur et Vitiki remportent avec \u00e9motion le Grand Prix 5* LGCT de Valkenswaard.\",\"breadcrumb\":{\"@id\":\"https:\\\/\\\/www.sohorse.eu\\\/news\\\/2026\\\/09\\\/06\\\/yuri-mansur-vitiki-victoire-gp-valkenswaard-2026\\\/#breadcrumb\"},\"inLanguage\":\"en-GB\",\"potentialAction\":[{\"@type\":\"ReadAction\",\"target\":[\"https:\\\/\\\/www.sohorse.eu\\\/news\\\/2026\\\/09\\\/06\\\/yuri-mansur-vitiki-victoire-gp-valkenswaard-2026\\\/\"]}]},{\"@type\":\"ImageObject\",\"inLanguage\":\"en-GB\",\"@id\":\"https:\\\/\\\/www.sohorse.eu\\\/news\\\/2026\\\/09\\\/06\\\/yuri-mansur-vitiki-victoire-gp-valkenswaard-2026\\\/#primaryimage\",\"url\":\"https:\\\/\\\/www.sohorse.eu\\\/wp-content\\\/uploads\\\/2026\\\/09\\\/cover-So-Horse-2.png\",\"contentUrl\":\"https:\\\/\\\/www.sohorse.eu\\\/wp-content\\\/uploads\\\/2026\\\/09\\\/cover-So-Horse-2.png\",\"width\":1000,\"height\":597,\"caption\":\"Yuri Mansur Valkenswaard\"},{\"@type\":\"BreadcrumbList\",\"@id\":\"https:\\\/\\\/www.sohorse.eu\\\/news\\\/2026\\\/09\\\/06\\\/yuri-mansur-vitiki-victoire-gp-valkenswaard-2026\\\/#breadcrumb\",\"itemListElement\":[{\"@type\":\"ListItem\",\"position\":1,\"name\":\"So Horse\",\"item\":\"https:\\\/\\\/www.sohorse.eu\\\/\"},{\"@type\":\"ListItem\",\"position\":2,\"name\":\"News\",\"item\":\"https:\\\/\\\/www.sohorse.eu\\\/categorie\\\/news\\\/\"},{\"@type\":\"ListItem\",\"position\":3,\"name\":\"Il a manqu\u00e9 Aix-la-Chapelle, Yuri Mansur n\u2019a pas manqu\u00e9 Valkenswaard\"}]},{\"@type\":\"WebSite\",\"@id\":\"https:\\\/\\\/www.sohorse.eu\\\/#website\",\"url\":\"https:\\\/\\\/www.sohorse.eu\\\/\",\"name\":\"So Horse\",\"description\":\"L\u2019actu sur les chevaux autrement. \",\"publisher\":{\"@id\":\"https:\\\/\\\/www.sohorse.eu\\\/#organization\"},\"potentialAction\":[{\"@type\":\"SearchAction\",\"target\":{\"@type\":\"EntryPoint\",\"urlTemplate\":\"https:\\\/\\\/www.sohorse.eu\\\/?s={search_term_string}\"},\"query-input\":{\"@type\":\"PropertyValueSpecification\",\"valueRequired\":true,\"valueName\":\"search_term_string\"}}],\"inLanguage\":\"en-GB\"},{\"@type\":\"Organization\",\"@id\":\"https:\\\/\\\/www.sohorse.eu\\\/#organization\",\"name\":\"So Horse\",\"url\":\"https:\\\/\\\/www.sohorse.eu\\\/\",\"logo\":{\"@type\":\"ImageObject\",\"inLanguage\":\"en-GB\",\"@id\":\"https:\\\/\\\/www.sohorse.eu\\\/#\\\/schema\\\/logo\\\/image\\\/\",\"url\":\"https:\\\/\\\/www.sohorse.eu\\\/wp-content\\\/uploads\\\/2024\\\/03\\\/logog.png\",\"contentUrl\":\"https:\\\/\\\/www.sohorse.eu\\\/wp-content\\\/uploads\\\/2024\\\/03\\\/logog.png\",\"width\":296,\"height\":146,\"caption\":\"So Horse\"},\"image\":{\"@id\":\"https:\\\/\\\/www.sohorse.eu\\\/#\\\/schema\\\/logo\\\/image\\\/\"},\"sameAs\":[\"https:\\\/\\\/www.facebook.com\\\/sohorse.official\"]},{\"@type\":\"Person\",\"@id\":\"https:\\\/\\\/www.sohorse.eu\\\/#\\\/schema\\\/person\\\/8ec889a1dca0caa9c3fc409225ae3ca4\",\"name\":\"S\u00e9bastien Boulanger\",\"image\":{\"@type\":\"ImageObject\",\"inLanguage\":\"en-GB\",\"@id\":\"https:\\\/\\\/secure.gravatar.com\\\/avatar\\\/958b7300960313a7bf10ee053221a7a94b9056219a3a03458f5a0db80e1e25e3?s=96&d=mm&r=g\",\"url\":\"https:\\\/\\\/secure.gravatar.com\\\/avatar\\\/958b7300960313a7bf10ee053221a7a94b9056219a3a03458f5a0db80e1e25e3?s=96&d=mm&r=g\",\"contentUrl\":\"https:\\\/\\\/secure.gravatar.com\\\/avatar\\\/958b7300960313a7bf10ee053221a7a94b9056219a3a03458f5a0db80e1e25e3?s=96&d=mm&r=g\",\"caption\":\"S\u00e9bastien Boulanger\"},\"url\":\"https:\\\/\\\/www.sohorse.eu\\\/en\\\/author\\\/seb\\\/\"}]}<\/script>\n<!-- \/ Yoast SEO plugin. -->","yoast_head_json":{"title":"Il a manqu\u00e9 Aix-la-Chapelle, Yuri Mansur n\u2019a pas manqu\u00e9 Valkenswaard &#8212; So Horse","description":"Trois semaines apr\u00e8s son retrait des Mondiaux d\u2019Aix, Yuri Mansur et Vitiki remportent avec \u00e9motion le Grand Prix 5* LGCT de Valkenswaard.","robots":{"index":"index","follow":"follow","max-snippet":"max-snippet:-1","max-image-preview":"max-image-preview:large","max-video-preview":"max-video-preview:-1"},"canonical":"https:\/\/www.sohorse.eu\/en\/news\/2026\/09\/06\/yuri-mansur-vitiki-victoire-gp-valkenswaard-2026\/","og_locale":"en_GB","og_type":"article","og_title":"Il a manqu\u00e9 Aix-la-Chapelle, Yuri Mansur n\u2019a pas manqu\u00e9 Valkenswaard &#8212; So Horse","og_description":"Trois semaines apr\u00e8s son retrait des Mondiaux d\u2019Aix, Yuri Mansur et Vitiki remportent avec \u00e9motion le Grand Prix 5* LGCT de Valkenswaard.","og_url":"https:\/\/www.sohorse.eu\/en\/news\/2026\/09\/06\/yuri-mansur-vitiki-victoire-gp-valkenswaard-2026\/","og_site_name":"So Horse","article_publisher":"https:\/\/www.facebook.com\/sohorse.official","article_published_time":"2026-09-06T17:57:07+00:00","article_modified_time":"2026-09-06T17:57:09+00:00","og_image":[{"width":1000,"height":597,"url":"https:\/\/www.sohorse.eu\/wp-content\/uploads\/2026\/09\/cover-So-Horse-2.png","type":"image\/png"}],"author":"S\u00e9bastien Boulanger","twitter_card":"summary_large_image","twitter_misc":{"Written by":"S\u00e9bastien Boulanger","Estimated reading time":"8 minutes"},"schema":{"@context":"https:\/\/schema.org","@graph":[{"@type":"Article","@id":"https:\/\/www.sohorse.eu\/news\/2026\/09\/06\/yuri-mansur-vitiki-victoire-gp-valkenswaard-2026\/#article","isPartOf":{"@id":"https:\/\/www.sohorse.eu\/news\/2026\/09\/06\/yuri-mansur-vitiki-victoire-gp-valkenswaard-2026\/"},"author":{"name":"S\u00e9bastien Boulanger","@id":"https:\/\/www.sohorse.eu\/#\/schema\/person\/8ec889a1dca0caa9c3fc409225ae3ca4"},"headline":"Il a manqu\u00e9 Aix-la-Chapelle, Yuri Mansur n\u2019a pas manqu\u00e9 Valkenswaard","datePublished":"2026-09-06T17:57:07+00:00","dateModified":"2026-09-06T17:57:09+00:00","mainEntityOfPage":{"@id":"https:\/\/www.sohorse.eu\/news\/2026\/09\/06\/yuri-mansur-vitiki-victoire-gp-valkenswaard-2026\/"},"wordCount":1256,"publisher":{"@id":"https:\/\/www.sohorse.eu\/#organization"},"image":{"@id":"https:\/\/www.sohorse.eu\/news\/2026\/09\/06\/yuri-mansur-vitiki-victoire-gp-valkenswaard-2026\/#primaryimage"},"thumbnailUrl":"https:\/\/www.sohorse.eu\/wp-content\/uploads\/2026\/09\/cover-So-Horse-2.png","keywords":["LGCT; Yuri Mansur"],"articleSection":["News"],"inLanguage":"en-GB"},{"@type":"WebPage","@id":"https:\/\/www.sohorse.eu\/news\/2026\/09\/06\/yuri-mansur-vitiki-victoire-gp-valkenswaard-2026\/","url":"https:\/\/www.sohorse.eu\/news\/2026\/09\/06\/yuri-mansur-vitiki-victoire-gp-valkenswaard-2026\/","name":"Il a manqu\u00e9 Aix-la-Chapelle, Yuri Mansur n\u2019a pas manqu\u00e9 Valkenswaard &#8212; So Horse","isPartOf":{"@id":"https:\/\/www.sohorse.eu\/#website"},"primaryImageOfPage":{"@id":"https:\/\/www.sohorse.eu\/news\/2026\/09\/06\/yuri-mansur-vitiki-victoire-gp-valkenswaard-2026\/#primaryimage"},"image":{"@id":"https:\/\/www.sohorse.eu\/news\/2026\/09\/06\/yuri-mansur-vitiki-victoire-gp-valkenswaard-2026\/#primaryimage"},"thumbnailUrl":"https:\/\/www.sohorse.eu\/wp-content\/uploads\/2026\/09\/cover-So-Horse-2.png","datePublished":"2026-09-06T17:57:07+00:00","dateModified":"2026-09-06T17:57:09+00:00","description":"Trois semaines apr\u00e8s son retrait des Mondiaux d\u2019Aix, Yuri Mansur et Vitiki remportent avec \u00e9motion le Grand Prix 5* LGCT de Valkenswaard.","breadcrumb":{"@id":"https:\/\/www.sohorse.eu\/news\/2026\/09\/06\/yuri-mansur-vitiki-victoire-gp-valkenswaard-2026\/#breadcrumb"},"inLanguage":"en-GB","potentialAction":[{"@type":"ReadAction","target":["https:\/\/www.sohorse.eu\/news\/2026\/09\/06\/yuri-mansur-vitiki-victoire-gp-valkenswaard-2026\/"]}]},{"@type":"ImageObject","inLanguage":"en-GB","@id":"https:\/\/www.sohorse.eu\/news\/2026\/09\/06\/yuri-mansur-vitiki-victoire-gp-valkenswaard-2026\/#primaryimage","url":"https:\/\/www.sohorse.eu\/wp-content\/uploads\/2026\/09\/cover-So-Horse-2.png","contentUrl":"https:\/\/www.sohorse.eu\/wp-content\/uploads\/2026\/09\/cover-So-Horse-2.png","width":1000,"height":597,"caption":"Yuri Mansur Valkenswaard"},{"@type":"BreadcrumbList","@id":"https:\/\/www.sohorse.eu\/news\/2026\/09\/06\/yuri-mansur-vitiki-victoire-gp-valkenswaard-2026\/#breadcrumb","itemListElement":[{"@type":"ListItem","position":1,"name":"So Horse","item":"https:\/\/www.sohorse.eu\/"},{"@type":"ListItem","position":2,"name":"News","item":"https:\/\/www.sohorse.eu\/categorie\/news\/"},{"@type":"ListItem","position":3,"name":"Il a manqu\u00e9 Aix-la-Chapelle, Yuri Mansur n\u2019a pas manqu\u00e9 Valkenswaard"}]},{"@type":"WebSite","@id":"https:\/\/www.sohorse.eu\/#website","url":"https:\/\/www.sohorse.eu\/","name":"So Horse","description":"L\u2019actu sur les chevaux autrement.","publisher":{"@id":"https:\/\/www.sohorse.eu\/#organization"},"potentialAction":[{"@type":"SearchAction","target":{"@type":"EntryPoint","urlTemplate":"https:\/\/www.sohorse.eu\/?s={search_term_string}"},"query-input":{"@type":"PropertyValueSpecification","valueRequired":true,"valueName":"search_term_string"}}],"inLanguage":"en-GB"},{"@type":"Organization","@id":"https:\/\/www.sohorse.eu\/#organization","name":"So Horse","url":"https:\/\/www.sohorse.eu\/","logo":{"@type":"ImageObject","inLanguage":"en-GB","@id":"https:\/\/www.sohorse.eu\/#\/schema\/logo\/image\/","url":"https:\/\/www.sohorse.eu\/wp-content\/uploads\/2024\/03\/logog.png","contentUrl":"https:\/\/www.sohorse.eu\/wp-content\/uploads\/2024\/03\/logog.png","width":296,"height":146,"caption":"So Horse"},"image":{"@id":"https:\/\/www.sohorse.eu\/#\/schema\/logo\/image\/"},"sameAs":["https:\/\/www.facebook.com\/sohorse.official"]},{"@type":"Person","@id":"https:\/\/www.sohorse.eu\/#\/schema\/person\/8ec889a1dca0caa9c3fc409225ae3ca4","name":"S\u00e9bastien Boulanger","image":{"@type":"ImageObject","inLanguage":"en-GB","@id":"https:\/\/secure.gravatar.com\/avatar\/958b7300960313a7bf10ee053221a7a94b9056219a3a03458f5a0db80e1e25e3?s=96&d=mm&r=g","url":"https:\/\/secure.gravatar.com\/avatar\/958b7300960313a7bf10ee053221a7a94b9056219a3a03458f5a0db80e1e25e3?s=96&d=mm&r=g","contentUrl":"https:\/\/secure.gravatar.com\/avatar\/958b7300960313a7bf10ee053221a7a94b9056219a3a03458f5a0db80e1e25e3?s=96&d=mm&r=g","caption":"S\u00e9bastien Boulanger"},"url":"https:\/\/www.sohorse.eu\/en\/author\/seb\/"}]}},"_links":{"self":[{"href":"https:\/\/www.sohorse.eu\/en\/wp-json\/wp\/v2\/posts\/51979","targetHints":{"allow":["GET"]}}],"collection":[{"href":"https:\/\/www.sohorse.eu\/en\/wp-json\/wp\/v2\/posts"}],"about":[{"href":"https:\/\/www.sohorse.eu\/en\/wp-json\/wp\/v2\/types\/post"}],"author":[{"embeddable":true,"href":"https:\/\/www.sohorse.eu\/en\/wp-json\/wp\/v2\/users\/2"}],"replies":[{"embeddable":true,"href":"https:\/\/www.sohorse.eu\/en\/wp-json\/wp\/v2\/comments?post=51979"}],"version-history":[{"count":3,"href":"https:\/\/www.sohorse.eu\/en\/wp-json\/wp\/v2\/posts\/51979\/revisions"}],"predecessor-version":[{"id":51995,"href":"https:\/\/www.sohorse.eu\/en\/wp-json\/wp\/v2\/posts\/51979\/revisions\/51995"}],"wp:featuredmedia":[{"embeddable":true,"href":"https:\/\/www.sohorse.eu\/en\/wp-json\/wp\/v2\/media\/51981"}],"wp:attachment":[{"href":"https:\/\/www.sohorse.eu\/en\/wp-json\/wp\/v2\/media?parent=51979"}],"wp:term":[{"taxonomy":"category","embeddable":true,"href":"https:\/\/www.sohorse.eu\/en\/wp-json\/wp\/v2\/categories?post=51979"},{"taxonomy":"post_tag","embeddable":true,"href":"https:\/\/www.sohorse.eu\/en\/wp-json\/wp\/v2\/tags?post=51979"}],"curies":[{"name":"wp","href":"https:\/\/api.w.org\/{rel}","templated":true}]}}